{"id":715,"date":"2012-07-04T19:26:14","date_gmt":"2012-07-04T19:26:14","guid":{"rendered":"http:\/\/skupstinazp.ba\/?p=715"},"modified":"2012-07-04T19:26:14","modified_gmt":"2012-07-04T19:26:14","slug":"odrzana-x-sjednica-kolegija-skupstine-zupanije-posavske","status":"publish","type":"post","link":"https:\/\/skupstinazp.ba\/new\/odrzana-x-sjednica-kolegija-skupstine-zupanije-posavske\/","title":{"rendered":"Odr\u017eana X. sjednica Kolegija Skup\u0161tine \u017dupanije Posavske"},"content":{"rendered":"<p style=\"text-align: center;\">\u00a0<a href=\"http:\/\/skupstinazp.ba\/wp-content\/uploads\/2012\/07\/Zgrada.jpg\"><img loading=\"lazy\" decoding=\"async\" class=\"aligncenter  wp-image-716\" title=\"Zgrada\" src=\"http:\/\/skupstinazp.ba\/wp-content\/uploads\/2012\/07\/Zgrada-1024x574.jpg\" alt=\"\" width=\"467\" height=\"262\" \/><\/a><\/p>\n<p style=\"text-align: justify;\"><span style=\"text-align: justify;\">DOMALJEVAC \u2013 02. srpnja 2012. godine (ponedjeljak) u Skup\u0161tini \u017dupanije Posavske odr\u017eana je X. sjednica Kolegija Skup\u0161tine. Na sjednici je utvr\u0111en datum i vrijeme odr\u017eavanja IX. redovite sjednice Skup\u0161tine \u017dupanije Posavske kao i Dnevni red iste.<\/span><\/p>\n<p style=\"text-align: justify;\"><!--more Vi\u0161e...--><\/p>\n<p style=\"text-align: justify;\">Sjednica \u0107e biti odr\u017eana 13. srpnja 2012. godine (petak) u 11,00 sati u dvorani za sjednice Skup\u0161tine \u017dupanije Posavske u Domaljevcu. Kolegij je usuglasio Dnevni red od osam to\u010daka. Tako\u0111er je usugla\u0161eno da \u0107e skup\u0161tinski odbori zasjedati u \u010detvrtak 12. srpnja 2012. godine.<\/p>\n<p>\u00a0 \u00a0 \u00a0 \u00a0 \u00a0 \u00a0 \u00a0 \u00a0 \u00a0 \u00a0 \u00a0 \u00a0 \u00a0 \u00a0 \u00a0 \u00a0 \u00a0 \u00a0 \u00a0 \u00a0 \u00a0 \u00a0 \u00a0 \u00a0 \u00a0 \u00a0 \u00a0 \u00a0 \u00a0 \u00a0 \u00a0 \u00a0 \u00a0 \u00a0 \u00a0 \u00a0 \u00a0 \u00a0 \u00a0 \u00a0 \u00a0 \u00a0 \u00a0 \u00a0 \u00a0 \u00a0 \u00a0 \u00a0 \u00a0 \u00a0 \u00a0 \u00a0\u00a0Stru\u010dna slu\u017eba Skup\u0161tine<\/p>\n","protected":false},"excerpt":{"rendered":"<p>\u00a0 DOMALJEVAC \u2013 02. srpnja 2012. godine (ponedjeljak) u Skup\u0161tini \u017dupanije Posavske odr\u017eana je X. sjednica Kolegija Skup\u0161tine. Na sjednici je utvr\u0111en datum i vrijeme odr\u017eavanja IX. redovite sjednice Skup\u0161tine \u017dupanije Posavske kao i Dnevni red iste.<\/p>\n","protected":false},"author":2,"featured_media":0,"comment_status":"closed","ping_status":"closed","sticky":false,"template":"","format":"standard","meta":{"footnotes":""},"categories":[2],"tags":[],"class_list":["post-715","post","type-post","status-publish","format-standard","hentry","category-novosti"],"_links":{"self":[{"href":"https:\/\/skupstinazp.ba\/new\/wp-json\/wp\/v2\/posts\/715","targetHints":{"allow":["GET"]}}],"collection":[{"href":"https:\/\/skupstinazp.ba\/new\/wp-json\/wp\/v2\/posts"}],"about":[{"href":"https:\/\/skupstinazp.ba\/new\/wp-json\/wp\/v2\/types\/post"}],"author":[{"embeddable":true,"href":"https:\/\/skupstinazp.ba\/new\/wp-json\/wp\/v2\/users\/2"}],"replies":[{"embeddable":true,"href":"https:\/\/skupstinazp.ba\/new\/wp-json\/wp\/v2\/comments?post=715"}],"version-history":[{"count":0,"href":"https:\/\/skupstinazp.ba\/new\/wp-json\/wp\/v2\/posts\/715\/revisions"}],"wp:attachment":[{"href":"https:\/\/skupstinazp.ba\/new\/wp-json\/wp\/v2\/media?parent=715"}],"wp:term":[{"taxonomy":"category","embeddable":true,"href":"https:\/\/skupstinazp.ba\/new\/wp-json\/wp\/v2\/categories?post=715"},{"taxonomy":"post_tag","embeddable":true,"href":"https:\/\/skupstinazp.ba\/new\/wp-json\/wp\/v2\/tags?post=715"}],"curies":[{"name":"wp","href":"https:\/\/api.w.org\/{rel}","templated":true}]}}