{"id":742,"date":"2012-08-18T13:54:00","date_gmt":"2012-08-18T13:54:00","guid":{"rendered":"http:\/\/skupstinazp.ba\/?p=742"},"modified":"2012-08-18T13:54:00","modified_gmt":"2012-08-18T13:54:00","slug":"bajramska-cestitka-predsjednika-i-dopredsjednika-skupstine-zupanije-posavske","status":"publish","type":"post","link":"https:\/\/skupstinazp.ba\/new\/bajramska-cestitka-predsjednika-i-dopredsjednika-skupstine-zupanije-posavske\/","title":{"rendered":"Bajramska \u010destitka predsjednika i dopredsjednika Skup\u0161tine \u017dupanije Posavske"},"content":{"rendered":"<p style=\"text-align: center;\"><a href=\"http:\/\/skupstinazp.ba\/wp-content\/uploads\/2012\/08\/preuzmi.jpg\"><img loading=\"lazy\" decoding=\"async\" class=\"aligncenter  wp-image-743\" title=\"preuzmi\" src=\"http:\/\/skupstinazp.ba\/wp-content\/uploads\/2012\/08\/preuzmi.jpg\" alt=\"\" width=\"359\" height=\"294\" \/><\/a><\/p>\n<p style=\"text-align: justify;\">Povodom nastupaju\u0107eg Ramazanskog bajrama, svim vjernicima \u017eelimo da ove dane provedu u dobrom zdravlju, obiteljskoj sre\u0107i i dru\u017eenju s rodbinom i prijateljima.<!--more Vi\u0161e...--><\/p>\n<p style=\"text-align: justify;\">Uz najiskrenije i najljep\u0161e \u017eelje, \u010destitamo vam Bajram, s nadom da \u0107e nam dani koji dolaze donijeti vi\u0161e radosti i zadovoljstva.<\/p>\n<p>Dopredsjednik Skup\u0161tine \u00a0 \u00a0 \u00a0 \u00a0 \u00a0 \u00a0 \u00a0 \u00a0 \u00a0 \u00a0 \u00a0 \u00a0 \u00a0 \u00a0 \u00a0 \u00a0 \u00a0 \u00a0 \u00a0 \u00a0 \u00a0 \u00a0 \u00a0 \u00a0 \u00a0 \u00a0 \u00a0 \u00a0 \u00a0 \u00a0 \u00a0 \u00a0 \u00a0 \u00a0Predsjednik Skup\u0161tine<br \/>\n\u017dupanije Posavske \u00a0 \u00a0 \u00a0 \u00a0 \u00a0 \u00a0 \u00a0 \u00a0 \u00a0 \u00a0 \u00a0 \u00a0 \u00a0 \u00a0 \u00a0 \u00a0 \u00a0 \u00a0 \u00a0 \u00a0 \u00a0 \u00a0 \u00a0 \u00a0 \u00a0 \u00a0 \u00a0 \u00a0 \u00a0 \u00a0 \u00a0 \u00a0 \u00a0 \u00a0 \u00a0 \u00a0 \u00a0 \u00a0 \u00a0\u017dupanije Posavske<br \/>\n<strong>Anes Osmanovi\u0107<\/strong> \u00a0 \u00a0 \u00a0 \u00a0 \u00a0 \u00a0 \u00a0 \u00a0 \u00a0 \u00a0 \u00a0 \u00a0 \u00a0 \u00a0 \u00a0 \u00a0 \u00a0 \u00a0 \u00a0 \u00a0 \u00a0 \u00a0 \u00a0 \u00a0 \u00a0 \u00a0 \u00a0 \u00a0 \u00a0 \u00a0 \u00a0 \u00a0 \u00a0 \u00a0 \u00a0 \u00a0 \u00a0 \u00a0 \u00a0 <strong>Mario Jurki\u0107,prof.<\/strong><\/p>\n","protected":false},"excerpt":{"rendered":"<p>Povodom nastupaju\u0107eg Ramazanskog bajrama, svim vjernicima \u017eelimo da ove dane provedu u dobrom zdravlju, obiteljskoj sre\u0107i i dru\u017eenju s rodbinom i prijateljima.<\/p>\n","protected":false},"author":2,"featured_media":0,"comment_status":"closed","ping_status":"closed","sticky":false,"template":"","format":"standard","meta":{"footnotes":""},"categories":[2],"tags":[],"class_list":["post-742","post","type-post","status-publish","format-standard","hentry","category-novosti"],"_links":{"self":[{"href":"https:\/\/skupstinazp.ba\/new\/wp-json\/wp\/v2\/posts\/742","targetHints":{"allow":["GET"]}}],"collection":[{"href":"https:\/\/skupstinazp.ba\/new\/wp-json\/wp\/v2\/posts"}],"about":[{"href":"https:\/\/skupstinazp.ba\/new\/wp-json\/wp\/v2\/types\/post"}],"author":[{"embeddable":true,"href":"https:\/\/skupstinazp.ba\/new\/wp-json\/wp\/v2\/users\/2"}],"replies":[{"embeddable":true,"href":"https:\/\/skupstinazp.ba\/new\/wp-json\/wp\/v2\/comments?post=742"}],"version-history":[{"count":0,"href":"https:\/\/skupstinazp.ba\/new\/wp-json\/wp\/v2\/posts\/742\/revisions"}],"wp:attachment":[{"href":"https:\/\/skupstinazp.ba\/new\/wp-json\/wp\/v2\/media?parent=742"}],"wp:term":[{"taxonomy":"category","embeddable":true,"href":"https:\/\/skupstinazp.ba\/new\/wp-json\/wp\/v2\/categories?post=742"},{"taxonomy":"post_tag","embeddable":true,"href":"https:\/\/skupstinazp.ba\/new\/wp-json\/wp\/v2\/tags?post=742"}],"curies":[{"name":"wp","href":"https:\/\/api.w.org\/{rel}","templated":true}]}}