{"id":767,"date":"2012-09-15T15:56:37","date_gmt":"2012-09-15T15:56:37","guid":{"rendered":"http:\/\/skupstinazp.ba\/?p=767"},"modified":"2012-09-15T15:56:37","modified_gmt":"2012-09-15T15:56:37","slug":"premijer-fbih-u-orasju","status":"publish","type":"post","link":"https:\/\/skupstinazp.ba\/new\/premijer-fbih-u-orasju\/","title":{"rendered":"Premijer FBiH u Ora\u0161ju"},"content":{"rendered":"<p><a href=\"http:\/\/skupstinazp.ba\/wp-content\/uploads\/2012\/09\/premijer-niksic-s-predsjednikom-skupstine.jpg\"><img loading=\"lazy\" decoding=\"async\" class=\"aligncenter\" src=\"http:\/\/skupstinazp.ba\/wp-content\/uploads\/2012\/09\/premijer-niksic-s-predsjednikom-skupstine-300x240.jpg\" alt=\"\" width=\"300\" height=\"240\" \/><\/a>ORA\u0160JE 14.09.2012.g.-\u00a0\u017dupaniju Posavsku posjetio je ju\u010der premijer Vlade FBiH Nermin Nik\u0161i\u0107 i u zgradi \u017dupanijske Vlade susreo se doma\u0107inima na \u010delu s predsjednikom Skup\u0161tine \u017dupanije posavske prof. Mariom Jurki\u0107em i Vlade Marijanom Or\u0161oli\u0107em. <!--more pro\u010ditaj vi\u0161e --> U Nik\u0161i\u0107evoj pratnji bili su Mirsad Ahmetovi\u0107 predsjednik KO SDP i Ramiz Suba\u0161i\u0107 predsjednik Sindikata \u017dP, a s druge strane stola uz Or\u0161oli\u0107a su bili Mario Jurki\u0107 predsjednik Skup\u0161tine \u017dP, Mato Bra\u0161ni\u0107 ministar financija, Mato Brki\u0107 ministar poljoprivrede, vodoprivrede i \u0161umarstva i Marijan \u017divkovi\u0107 zastupnik u Parlamentu FBiH.<\/p>\n<p>\u201eAnalize su pokazale da je \u017dupanija Posavska jedina \u017dupanija koja je o\u0161te\u0107ena zakonom o raspodjeli javnih prigoda i mi smo ve\u0107 dali smjernice Federalnom ministarstvu financija. Moramo ispraviti nepravdu prema Posavini koja postoji zbog zakona o pripadnosti javnih prihoda koji ih dovodi u neravnopravan polo\u017eaj u odnosu prema drugima. Rebalansom prora\u010duna F BiH za Posavsku \u017dupaniju predvi\u0111eno je 5 milijuna maraka poticaja i 24.rujna trebao bi zasjedati Odbor me\u0111unarodnog monetarnog fonda. Ispunili smo sve uvjete, nadam se da \u0107e prva tran\u0161a biti vrlo brzo operativna i obe\u0107ao sam premijeru Or\u0161oli\u0107u da \u0107u nastojati vrlo brzo uputiti barem polovicu ove tran\u0161e prema Posavini kako bi donekle zakrpili rupe u prora\u010dunu, istaknuo je premijer Nik\u0161i\u0107. Ina\u010de, kroz razgovor smo se dotaknuli svih tema, od pitanja poticaja financijski neodr\u017eivim \u017eupanijama, do pitanja poticanja u poljoprivredi i pristupa odre\u0111enim fondovima na razini Federacije, gdje je objektivno \u017dupanija Posavska do sada bila u neravnopravnom polo\u017eaju. Isto tako razgovarali smo o dijelu dionice auto ceste i smatram da je s te strane napravljen zna\u010dajan iskorak, jer prema informacijama koje imam ve\u0107 je oko 92% eksproprijacije zemlji\u0161ta zavr\u0161eno i za to je pla\u0107eno oko 6,9 milijuna, \u0161to je zna\u010dajan poticaj za ljude koji ovdje \u017eive. Svakako kad koncem godine zapo\u010dnu radovi na 11 km auto ceste, to \u0107e dodatno podi\u0107i razvoj \u017dupanije.\u201c istaknuo je premijer Nik\u0161i\u0107.<\/p>\n<p>Doma\u0107in sastanka u Ora\u0161ju, premijer Marijan Or\u0161oli\u0107 istaknuo je zadovoljstvo konstruktivnim razgovorom s premijerom Vlade FBiH i \u010dinjenicom da je Nermin Nik\u0161i\u0107 uvidio da su u Posavini najve\u0107i problemi u Federaciji.<\/p>\n<p>\u201eUz sve teme vodili smo razgovore posebno oko poljoprivrednih \u0161teta koje su na\u010dinjene i oko reguliranja poticaja. Dotaknuli smo se auto ceste \u017dep\u010de-Zavidovi\u0107i-Banovi\u0107i-Tuzla-Ora\u0161je koja je od iznimnog interesa za Ora\u0161je, zatim oko auto ceste Od\u017eak-Doboj i gradnje mosta preko rijeke Save. Jedna od tema bili su problemi na grani\u010dnim prijelazima u svezi cjenika odre\u0111enih roba gdje na\u0161i privrednici odlaze u RS da carine robe zbog cjenika koji nisu uskla\u0111eni na razini Federacije i RS. Nakon svega nadam se da \u0107e biti bolje jer mi moramo biti optimisti i \u0161iriti optimizam, istaknuo je Marijan Or\u0161oli\u0107 predsjednik Vlade \u017dP. U raspravu se uklju\u010dio i predjednik Skup\u0161tine Jurki\u0107 koji je istakao kako je pravi\u010dan Zakon o javnoj pripadnosti prihoda Federacije BiH nu\u017ean za dalji razvoj i prosperitet podru\u010dja \u017dupanije posavske. \u017dupanija posavska se u ovom segmentu ne bi smjela odvajati od Gora\u017edanskog kantona, s kojim dijeli kvalifikaciju najnerazvijenih podru\u010dja u Federaciji BiH, kazao je prof. Jurki\u0107.<\/p>\n<p>&nbsp;<\/p>\n","protected":false},"excerpt":{"rendered":"<p>ORA\u0160JE 14.09.2012.g.-\u00a0\u017dupaniju Posavsku posjetio je ju\u010der premijer Vlade FBiH Nermin Nik\u0161i\u0107 i u zgradi \u017dupanijske Vlade susreo se doma\u0107inima na \u010delu s predsjednikom Skup\u0161tine \u017dupanije posavske prof. Mariom Jurki\u0107em i Vlade Marijanom Or\u0161oli\u0107em.<\/p>\n","protected":false},"author":2,"featured_media":0,"comment_status":"closed","ping_status":"closed","sticky":false,"template":"","format":"standard","meta":{"footnotes":""},"categories":[2],"tags":[],"class_list":["post-767","post","type-post","status-publish","format-standard","hentry","category-novosti"],"_links":{"self":[{"href":"https:\/\/skupstinazp.ba\/new\/wp-json\/wp\/v2\/posts\/767","targetHints":{"allow":["GET"]}}],"collection":[{"href":"https:\/\/skupstinazp.ba\/new\/wp-json\/wp\/v2\/posts"}],"about":[{"href":"https:\/\/skupstinazp.ba\/new\/wp-json\/wp\/v2\/types\/post"}],"author":[{"embeddable":true,"href":"https:\/\/skupstinazp.ba\/new\/wp-json\/wp\/v2\/users\/2"}],"replies":[{"embeddable":true,"href":"https:\/\/skupstinazp.ba\/new\/wp-json\/wp\/v2\/comments?post=767"}],"version-history":[{"count":0,"href":"https:\/\/skupstinazp.ba\/new\/wp-json\/wp\/v2\/posts\/767\/revisions"}],"wp:attachment":[{"href":"https:\/\/skupstinazp.ba\/new\/wp-json\/wp\/v2\/media?parent=767"}],"wp:term":[{"taxonomy":"category","embeddable":true,"href":"https:\/\/skupstinazp.ba\/new\/wp-json\/wp\/v2\/categories?post=767"},{"taxonomy":"post_tag","embeddable":true,"href":"https:\/\/skupstinazp.ba\/new\/wp-json\/wp\/v2\/tags?post=767"}],"curies":[{"name":"wp","href":"https:\/\/api.w.org\/{rel}","templated":true}]}}