{"id":784,"date":"2015-05-27T10:56:20","date_gmt":"2015-05-27T10:26:20","guid":{"rendered":"http:\/\/skupstinazp.ba\/?p=784"},"modified":"2015-05-27T10:56:20","modified_gmt":"2015-05-27T10:26:20","slug":"dvorana-grebnice-predana-lokalnoj-zajednici","status":"publish","type":"post","link":"https:\/\/skupstinazp.ba\/new\/dvorana-grebnice-predana-lokalnoj-zajednici\/","title":{"rendered":"DVORANA GREBNICE PREDANA LOKALNOJ ZAJEDNICI"},"content":{"rendered":"<p>GREBNICE &#8211; U\u00a0dvori\u0161tu podru\u010dnog odjela osnovne \u0161kole Bra\u0107e Radi\u0107a iz Domaljevca, mjestu Grebnice, otvorena je sportska dvorana.Sve\u010danosti otvorenja bio je nazo\u010dan i predsjednik Skup\u0161tine \u017dupanije posavske prof. Mario Jurki\u0107. <!--more Pro\u010ditaj vi\u0161e--> Vrijednost izgra\u0111ene dvorane prema\u0161uje milijun maraka. Ura\u0111eni su svi radovi kako bi dvorana mogla biti stavljena u uporabu i u\u010denici su po\u010deli koristiti dvoranu. Osim njih u dvorani \u0107e svoje odbojka\u0161ke susrete igrati igra\u010di Mladosti iz Domaljevca, \u010dlanovi premijer lige BiH u odbojci.\u00a0Dvorana \u0107e biti namijenjena i rukometu, kao i rekreaciji mje\u0161tana op\u0107ine Domaljevac-\u0160amac. Osim predsjednika Jurki\u0107a sve\u010danosti su pored doma\u0107ina iz op\u0107ine Domaljevac-\u0160amac, koje je predvodio na\u010delnik \u017deljko Josi\u0107,\u00a0bili nazo\u010dni predsjednik Vlade \u017dupanije posavske mr. sc. Marijan Or\u0161oli\u0107, ministar prosvjete, znanosti, kulture i sporta Ivo Jelu\u0161i\u0107, dio zastupnika Skup\u0161tine \u017dupanije posavske i vije\u0107nici op\u0107inskog vije\u0107a. Tijekom sve\u010danosti istaknute su sve osobe koje su na bilo koji na\u010din pomogle u realizaciji projekta dvorane. Dvorana je gra\u0111ena ponajvi\u0161e sredstvima \u017dupanije, za \u0161to zaslugu nose i zastupnici Skup\u0161tine, ali i op\u0107ine Domaljevac-\u0160amac. Ostalo je za uraditi prilazne puteve sa zadnje strane dvorane, grijanje i teletribine, \u010dija se vrijednost radova procjenjuje na oko 100.000 KM, kazao je v.d. ravnatelj O\u0160 Bra\u0107e Radi\u0107a Domaljevac Branimir Miji\u0107<\/p>\n","protected":false},"excerpt":{"rendered":"<p>GREBNICE &#8211; U\u00a0dvori\u0161tu podru\u010dnog odjela osnovne \u0161kole Bra\u0107e Radi\u0107a iz Domaljevca, mjestu Grebnice, otvorena je sportska dvorana.Sve\u010danosti otvorenja bio je nazo\u010dan i predsjednik Skup\u0161tine \u017dupanije posavske prof. Mario Jurki\u0107.<\/p>\n","protected":false},"author":2,"featured_media":2964,"comment_status":"closed","ping_status":"closed","sticky":false,"template":"","format":"standard","meta":{"footnotes":""},"categories":[2],"tags":[],"class_list":["post-784","post","type-post","status-publish","format-standard","has-post-thumbnail","hentry","category-novosti"],"_links":{"self":[{"href":"https:\/\/skupstinazp.ba\/new\/wp-json\/wp\/v2\/posts\/784","targetHints":{"allow":["GET"]}}],"collection":[{"href":"https:\/\/skupstinazp.ba\/new\/wp-json\/wp\/v2\/posts"}],"about":[{"href":"https:\/\/skupstinazp.ba\/new\/wp-json\/wp\/v2\/types\/post"}],"author":[{"embeddable":true,"href":"https:\/\/skupstinazp.ba\/new\/wp-json\/wp\/v2\/users\/2"}],"replies":[{"embeddable":true,"href":"https:\/\/skupstinazp.ba\/new\/wp-json\/wp\/v2\/comments?post=784"}],"version-history":[{"count":0,"href":"https:\/\/skupstinazp.ba\/new\/wp-json\/wp\/v2\/posts\/784\/revisions"}],"wp:featuredmedia":[{"embeddable":true,"href":"https:\/\/skupstinazp.ba\/new\/wp-json\/wp\/v2\/media\/2964"}],"wp:attachment":[{"href":"https:\/\/skupstinazp.ba\/new\/wp-json\/wp\/v2\/media?parent=784"}],"wp:term":[{"taxonomy":"category","embeddable":true,"href":"https:\/\/skupstinazp.ba\/new\/wp-json\/wp\/v2\/categories?post=784"},{"taxonomy":"post_tag","embeddable":true,"href":"https:\/\/skupstinazp.ba\/new\/wp-json\/wp\/v2\/tags?post=784"}],"curies":[{"name":"wp","href":"https:\/\/api.w.org\/{rel}","templated":true}]}}