{"id":808,"date":"2012-10-12T15:38:31","date_gmt":"2012-10-12T15:38:31","guid":{"rendered":"http:\/\/skupstinazp.ba\/?p=808"},"modified":"2012-10-12T15:38:31","modified_gmt":"2012-10-12T15:38:31","slug":"obljetnica-iv-gmbr-sinovi-posavine","status":"publish","type":"post","link":"https:\/\/skupstinazp.ba\/new\/obljetnica-iv-gmbr-sinovi-posavine\/","title":{"rendered":"OBLJETNICA IV GMBR SINOVI POSAVINE"},"content":{"rendered":"<p><a href=\"http:\/\/skupstinazp.ba\/wp-content\/uploads\/2012\/10\/XVIIIOBLJETNICA-IV-GMBR-SINOVI-POSAVINE.bmp\"><img loading=\"lazy\" decoding=\"async\" class=\"aligncenter  wp-image-810\" src=\"http:\/\/skupstinazp.ba\/wp-content\/uploads\/2012\/10\/XVIIIOBLJETNICA-IV-GMBR-SINOVI-POSAVINE.bmp\" alt=\"\" width=\"328\" height=\"331\" \/><\/a>BUKOVA GREDA &#8211; Sve\u010dano, primjereno i dostojanstveno u vojarni &#8220;Sinovi Posavine&#8221; u Bukovoj Gredi (op\u0107ina Ora\u0161je) obilje\u017eena je 18 obljetnica osnutka 4 gardijske motorizirane brigade HVO-a, danas 3. pje\u0161a\u010dke bojne oru\u017eanih snaga BiH.<!--more Pro\u010ditaj vi\u0161e--> Sve\u010danost je odr\u017eana u krugu vojarne uz nazo\u010dnost predstavnika Udruga izniklih iz Domovinskoga rata, roditelja poginulih Sinova Posavine, predstavnika civilnih i vojnih struktura, crkve, ratnih<br \/>\nzapovjednika postrojbe. Ispred Spomen obilje\u017eja polo\u017eeni su vijenci u znak vje\u010dnog sje\u0107anja na poginule pripadnike postrojbe a potom je odr\u017eana sveta misa koju je predvodio vojni kapelan 6. pje\u0161a\u010dke brigade fra Marko Or\u0161oli\u0107. Bukovoj Gredi \u201eSinovi Posavine\u201c nazo\u010dili su uz ostale, general bojnik Anto Jele\u010d, zamjenik zajedni\u010dkog zapovjedni\u0161tva za resurse, brigadni general Marko Stoj\u010di\u0107, zamjenik zapovjednika zapovjedni\u0161tva potpore za resurse, brigadir Slaven Lasi\u0107 zapovjednik Prve pje\u0161a\u010dke pukovnije. Postrojba &#8220;Sinova Posavine&#8221; svoju povijest ispisuju ponosom i domoljubljem jer iznikli su iz legendarne brigade koja je ispisala stranice povijesti vite\u0161tva i nesebi\u010dne obrane svojih domova. Tada je bila sastavljena od najboljih Sinova Posavine, pripadnika brigada HVO koje su branile tada\u0161nju ora\u0161ko-\u0161ama\u010dku boji\u0161nicu Danas, to su profesionalni vojaci sa sjedi\u0161tem vojarne u Bukovoj Gredi.Tradicionalno obra\u0107anje pukovnika Mate Zrimi\u0107a, zapovjednik 3. Pje\u0161a\u010dke bojne 6 pje\u0161a\u010dke brigade bilo je u znaku postignu\u0107a postrojbe u proteklih godinu dana te isticanja aktivnosti koje ih o\u010dekuju. Danas postrojba broji oko 200 vojnika sa \u010dasnicima i do\u010dasnicima.Dio pripadnika bio je u Misiji u Afganistanu i profesionalno su, tvrdi Zrimi\u0107, odradili svoje zada\u0107e. Ponovo se priprema nova ekipa za odlazak u istu Misiju. Prigodne rije\u010di uz obljetnicu postrojbe na sve\u010danoj akademiji uputio je uz zapovjednika Zrimi\u0107a i ratni zapovjednik postrojbe Mato Bilonji\u0107-Bomba podsje\u0107aju\u0107i na ratni put postrojbe.-Krvlju se branio svaki pedalj ove slobodne grude. Zahvaljuju\u0107i takvoj \u017ertvi danas u\u017eivamo plodove slobode, naglasio je Bilonji\u0107. Brigadir Slaven Lasi\u0107 izrazio je zahvalnost svima koji su sudjelovali u stvaranju brigade.-Ova je obljetnica kao i ostale va\u017ean dokaz i podsjetnik, \u010din na\u0161e borbe protiv zaborava, da se sje\u0107amo i pamtimo na\u0161e junake. Domoljublje nije iza\u0161lo iz mode jer i danas se oko toga trebamo \u010dvrsto uhvatiti. Zato \u0107emo ustrajno i bez straha raditi da istina o Domovinskome ratu ostane ona koja je povijesna, naglasio je brigadir Lasi\u0107. \u010cestitke za obljetnicu je uputio na kraju i general bojnik Anto Jele\u010d izaslanik zamjenice ministra obrane BiH i u svoje osobno ime.<\/p>\n","protected":false},"excerpt":{"rendered":"<p>BUKOVA GREDA &#8211; Sve\u010dano, primjereno i dostojanstveno u vojarni &#8220;Sinovi Posavine&#8221; u Bukovoj Gredi (op\u0107ina Ora\u0161je) obilje\u017eena je 18 obljetnica osnutka 4 gardijske motorizirane brigade HVO-a, danas 3. pje\u0161a\u010dke bojne oru\u017eanih snaga BiH.<\/p>\n","protected":false},"author":2,"featured_media":0,"comment_status":"closed","ping_status":"closed","sticky":false,"template":"","format":"standard","meta":{"footnotes":""},"categories":[2],"tags":[],"class_list":["post-808","post","type-post","status-publish","format-standard","hentry","category-novosti"],"_links":{"self":[{"href":"https:\/\/skupstinazp.ba\/new\/wp-json\/wp\/v2\/posts\/808","targetHints":{"allow":["GET"]}}],"collection":[{"href":"https:\/\/skupstinazp.ba\/new\/wp-json\/wp\/v2\/posts"}],"about":[{"href":"https:\/\/skupstinazp.ba\/new\/wp-json\/wp\/v2\/types\/post"}],"author":[{"embeddable":true,"href":"https:\/\/skupstinazp.ba\/new\/wp-json\/wp\/v2\/users\/2"}],"replies":[{"embeddable":true,"href":"https:\/\/skupstinazp.ba\/new\/wp-json\/wp\/v2\/comments?post=808"}],"version-history":[{"count":0,"href":"https:\/\/skupstinazp.ba\/new\/wp-json\/wp\/v2\/posts\/808\/revisions"}],"wp:attachment":[{"href":"https:\/\/skupstinazp.ba\/new\/wp-json\/wp\/v2\/media?parent=808"}],"wp:term":[{"taxonomy":"category","embeddable":true,"href":"https:\/\/skupstinazp.ba\/new\/wp-json\/wp\/v2\/categories?post=808"},{"taxonomy":"post_tag","embeddable":true,"href":"https:\/\/skupstinazp.ba\/new\/wp-json\/wp\/v2\/tags?post=808"}],"curies":[{"name":"wp","href":"https:\/\/api.w.org\/{rel}","templated":true}]}}