{"id":822,"date":"2012-10-18T18:46:40","date_gmt":"2012-10-18T18:46:40","guid":{"rendered":"http:\/\/skupstinazp.ba\/?p=822"},"modified":"2012-10-18T18:46:40","modified_gmt":"2012-10-18T18:46:40","slug":"skupstina-zupanije-posavske-ix-sjednica","status":"publish","type":"post","link":"https:\/\/skupstinazp.ba\/new\/skupstina-zupanije-posavske-ix-sjednica\/","title":{"rendered":"Skup\u0161tina \u017dupanije posavske IX sjednica"},"content":{"rendered":"<p><a href=\"http:\/\/skupstinazp.ba\/wp-content\/uploads\/2012\/10\/MARIO-JURKIC.jpg\"><img loading=\"lazy\" decoding=\"async\" class=\"aligncenter size-medium wp-image-854\" title=\"MARIO JURKIC\" src=\"http:\/\/skupstinazp.ba\/wp-content\/uploads\/2012\/10\/MARIO-JURKIC-300x240.jpg\" alt=\"\" width=\"300\" height=\"240\" srcset=\"https:\/\/skupstinazp.ba\/new\/wp-content\/uploads\/2012\/10\/MARIO-JURKIC-300x240.jpg 300w, https:\/\/skupstinazp.ba\/new\/wp-content\/uploads\/2012\/10\/MARIO-JURKIC.jpg 720w\" sizes=\"auto, (max-width: 300px) 100vw, 300px\" \/><\/a>DOMALJEVAC &#8211; Odgo\u0111ena IX sjednica Skup\u0161tine \u017dupanije posavske odr\u017eana je u \u010detvrtak, 18. listopada u dvorani za sjednice Skup\u0161tine \u017dupanije posavske u Domaljevcu. <!--more Pro\u010ditaj vi\u0161e--> Na dnevnom je redu bilo sedam to\u010daka. Na prijedlog predsjednika Skup\u0161tine Marija Jurki\u0107a, a nakon utvr\u0111ivanja kvoruma od 14 \u010dlanova Skup\u0161tine, jedna je to\u010dka, sedma po redu Informacija o Izvje\u0161\u0107u o radu Kantonalnog tu\u017eiteljstva Posavskog kantona \u2013 Ora\u0161je za 2011. godinu skinuta s dnevnog reda zbog odsutnosti tu\u017eitelja iz Kantonalnog tu\u017eiteljstva. Dnevni je red prihva\u0107en. Trojica zastupnika postavili su zastupni\u010dka pitanja i podnijeli inicijative. Sve su to\u010dke dnevnog reda nakon diskusije prihva\u0107ene voljom ve\u0107ine zastupnika (11), dok su trojica zastupnika bili ili suzdr\u017eani ili su bili protiv to\u010daka dnevnog reda.<\/p>\n<p><a href=\"http:\/\/skupstinazp.ba\/wp-content\/uploads\/2012\/10\/181012-MARIO-JURKIC-NAKON-IX-SJEDNICE-SKUPSTINE-ZP.mp3\">181012 MARIO JURKIC NAKON IX SJEDNICE SKUPSTINE ZP<\/a><\/p>\n","protected":false},"excerpt":{"rendered":"<p>DOMALJEVAC &#8211; Odgo\u0111ena IX sjednica Skup\u0161tine \u017dupanije posavske odr\u017eana je u \u010detvrtak, 18. listopada u dvorani za sjednice Skup\u0161tine \u017dupanije posavske u Domaljevcu.<\/p>\n","protected":false},"author":2,"featured_media":0,"comment_status":"closed","ping_status":"closed","sticky":false,"template":"","format":"standard","meta":{"footnotes":""},"categories":[2],"tags":[],"class_list":["post-822","post","type-post","status-publish","format-standard","hentry","category-novosti"],"_links":{"self":[{"href":"https:\/\/skupstinazp.ba\/new\/wp-json\/wp\/v2\/posts\/822","targetHints":{"allow":["GET"]}}],"collection":[{"href":"https:\/\/skupstinazp.ba\/new\/wp-json\/wp\/v2\/posts"}],"about":[{"href":"https:\/\/skupstinazp.ba\/new\/wp-json\/wp\/v2\/types\/post"}],"author":[{"embeddable":true,"href":"https:\/\/skupstinazp.ba\/new\/wp-json\/wp\/v2\/users\/2"}],"replies":[{"embeddable":true,"href":"https:\/\/skupstinazp.ba\/new\/wp-json\/wp\/v2\/comments?post=822"}],"version-history":[{"count":0,"href":"https:\/\/skupstinazp.ba\/new\/wp-json\/wp\/v2\/posts\/822\/revisions"}],"wp:attachment":[{"href":"https:\/\/skupstinazp.ba\/new\/wp-json\/wp\/v2\/media?parent=822"}],"wp:term":[{"taxonomy":"category","embeddable":true,"href":"https:\/\/skupstinazp.ba\/new\/wp-json\/wp\/v2\/categories?post=822"},{"taxonomy":"post_tag","embeddable":true,"href":"https:\/\/skupstinazp.ba\/new\/wp-json\/wp\/v2\/tags?post=822"}],"curies":[{"name":"wp","href":"https:\/\/api.w.org\/{rel}","templated":true}]}}