{"id":866,"date":"2012-10-25T19:35:59","date_gmt":"2012-10-25T19:35:59","guid":{"rendered":"http:\/\/skupstinazp.ba\/?p=866"},"modified":"2012-10-25T19:35:59","modified_gmt":"2012-10-25T19:35:59","slug":"posjet-iz-odzak","status":"publish","type":"post","link":"https:\/\/skupstinazp.ba\/new\/posjet-iz-odzak\/","title":{"rendered":"POSJET IZ OD\u017dAK"},"content":{"rendered":"<p><a href=\"http:\/\/skupstinazp.ba\/wp-content\/uploads\/2012\/10\/dzamija-u-odzaku.jpg\"><img loading=\"lazy\" decoding=\"async\" class=\"aligncenter size-medium wp-image-868\" title=\"dzamija u odzaku\" src=\"http:\/\/skupstinazp.ba\/wp-content\/uploads\/2012\/10\/dzamija-u-odzaku-300x225.jpg\" alt=\"\" width=\"300\" height=\"225\" srcset=\"https:\/\/skupstinazp.ba\/new\/wp-content\/uploads\/2012\/10\/dzamija-u-odzaku-300x225.jpg 300w, https:\/\/skupstinazp.ba\/new\/wp-content\/uploads\/2012\/10\/dzamija-u-odzaku.jpg 500w\" sizes=\"auto, (max-width: 300px) 100vw, 300px\" \/><\/a>OD\u017dAK \u2013 Predsjednik i dopredsjednik Skup\u0161tine \u017dupanije posavske prof. Mario Jurki\u0107 i Anes Osmanovi\u0107 posjetili su Islamsku zajednicu u Od\u017eaku. <!--more Pro\u010ditaj vi\u0161e --> Razgovaralo se o polo\u017eaju vjerskih zajednica, konkretno islamske zajednice na podru\u010dju \u017dupanije posavske. Jurki\u0107 i Osmanovi\u0107 su se zanimali u razgovoru s Fahrudinom efendijom Mujanovi\u0107em, glavnim imamom IZ Od\u017eak, za probleme koje vjerski slu\u017ebenici imaju u zajednici u kojoj \u017eive i za mogu\u0107nosti koje sna raspolaganju Skup\u0161tini \u017dupanije posavske u pomaganju i stvaranju boljih uvjeta za rad vjerskih slu\u017ebenika. \u201eSkup\u0161tina je zakonodavni organ i na njenim sjednicama mo\u017eemo razgovarati o odre\u0111enim zakonskim rje\u0161enjima, kojima bi se \u0161titio vjerski \u017eivot i slu\u017ebenici vjerske zajednice na podru\u010dju \u017dupanije posavske. Kod dono\u0161enja prora\u010duna, a vrijeme je pripreme dokumenata za dono\u0161enje prora\u010duna za idu\u0107u fiskalnu godinu mo\u017eemo kao zastupnici ukazati Vladi i djelovati kroz amandmane da se neke stavke prora\u010dunskog rashoda, a sveu skladu s kona\u010dnim mogu\u0107nostima prihodovnih sredstava, pribli\u017ee potrebama vjerskih<br \/>\nzajednica\u201c, kazao je predsjednik prof. Jurki\u0107. Posjet islamskoj vjerskoj zajednici uprili\u010den je u povodu nastupaju\u0107eg kurbanskog Bajrama, koji \u0107e se ove godine slaviti od petka do nedjelje, 26.-28. listopada.<\/p>\n","protected":false},"excerpt":{"rendered":"<p>OD\u017dAK \u2013 Predsjednik i dopredsjednik Skup\u0161tine \u017dupanije posavske prof. Mario Jurki\u0107 i Anes Osmanovi\u0107 posjetili su Islamsku zajednicu u Od\u017eaku.<\/p>\n","protected":false},"author":2,"featured_media":0,"comment_status":"closed","ping_status":"closed","sticky":false,"template":"","format":"standard","meta":{"footnotes":""},"categories":[2],"tags":[],"class_list":["post-866","post","type-post","status-publish","format-standard","hentry","category-novosti"],"_links":{"self":[{"href":"https:\/\/skupstinazp.ba\/new\/wp-json\/wp\/v2\/posts\/866","targetHints":{"allow":["GET"]}}],"collection":[{"href":"https:\/\/skupstinazp.ba\/new\/wp-json\/wp\/v2\/posts"}],"about":[{"href":"https:\/\/skupstinazp.ba\/new\/wp-json\/wp\/v2\/types\/post"}],"author":[{"embeddable":true,"href":"https:\/\/skupstinazp.ba\/new\/wp-json\/wp\/v2\/users\/2"}],"replies":[{"embeddable":true,"href":"https:\/\/skupstinazp.ba\/new\/wp-json\/wp\/v2\/comments?post=866"}],"version-history":[{"count":0,"href":"https:\/\/skupstinazp.ba\/new\/wp-json\/wp\/v2\/posts\/866\/revisions"}],"wp:attachment":[{"href":"https:\/\/skupstinazp.ba\/new\/wp-json\/wp\/v2\/media?parent=866"}],"wp:term":[{"taxonomy":"category","embeddable":true,"href":"https:\/\/skupstinazp.ba\/new\/wp-json\/wp\/v2\/categories?post=866"},{"taxonomy":"post_tag","embeddable":true,"href":"https:\/\/skupstinazp.ba\/new\/wp-json\/wp\/v2\/tags?post=866"}],"curies":[{"name":"wp","href":"https:\/\/api.w.org\/{rel}","templated":true}]}}