{"id":870,"date":"2012-10-25T19:42:00","date_gmt":"2012-10-25T19:42:00","guid":{"rendered":"http:\/\/skupstinazp.ba\/?p=870"},"modified":"2012-10-25T19:42:00","modified_gmt":"2012-10-25T19:42:00","slug":"cestitka-kurban-bajram","status":"publish","type":"post","link":"https:\/\/skupstinazp.ba\/new\/cestitka-kurban-bajram\/","title":{"rendered":"\u010cESTITKA &#8211; KURBAN BAJRAM"},"content":{"rendered":"<p><a href=\"http:\/\/skupstinazp.ba\/wp-content\/uploads\/2012\/10\/bajramserifmubarekolsun.jpg\"><img loading=\"lazy\" decoding=\"async\" class=\"aligncenter size-medium wp-image-873\" title=\"bajramserifmubarekolsun\" src=\"http:\/\/skupstinazp.ba\/wp-content\/uploads\/2012\/10\/bajramserifmubarekolsun-300x227.jpg\" alt=\"\" width=\"300\" height=\"227\" srcset=\"https:\/\/skupstinazp.ba\/new\/wp-content\/uploads\/2012\/10\/bajramserifmubarekolsun-300x227.jpg 300w, https:\/\/skupstinazp.ba\/new\/wp-content\/uploads\/2012\/10\/bajramserifmubarekolsun.jpg 556w\" sizes=\"auto, (max-width: 300px) 100vw, 300px\" \/><\/a>DOMALJEVAC \u2013 Predsjednik i dopredsjednik Skup\u0161tine \u017dupanije posavske prof. Mario Jurki\u0107 i Anes Osmanovi\u0107 uputili su mje\u0161tanima, islamske vjeroispovjesti \u017dupanije posavske \u010destitku povodom nastupaju\u0107eg Kurban- bajrama. \u201eUpu\u0107ujemo vam iskrene \u010destitke uz \u017eelju da blagdanski dani Kurban &#8211; bajrama proteknu u duhu dobrog raspolo\u017eenja, zdravlja i obiteljske sre\u0107e. \u017delimo da vam Bajram u\u010dvrsti vjeru u bolje sutra i donese nadu da \u0107emo svi zajedno sebi i budu\u0107im generacijama osigurati bolji \u017eivot, prosperitet i napredak &#8211; ka\u017ee se u \u010destitki predsjednika i dopredsjednika Skup\u0161tine \u017dupanije posavske.<\/p>\n","protected":false},"excerpt":{"rendered":"<p>DOMALJEVAC \u2013 Predsjednik i dopredsjednik Skup\u0161tine \u017dupanije posavske prof. Mario Jurki\u0107 i Anes Osmanovi\u0107 uputili su mje\u0161tanima, islamske vjeroispovjesti \u017dupanije posavske \u010destitku povodom nastupaju\u0107eg Kurban- bajrama. \u201eUpu\u0107ujemo vam iskrene \u010destitke uz \u017eelju da blagdanski dani Kurban &#8211; bajrama proteknu u duhu dobrog raspolo\u017eenja, zdravlja i obiteljske sre\u0107e. \u017delimo da vam Bajram u\u010dvrsti vjeru u bolje &hellip;<br \/><a href=\"https:\/\/skupstinazp.ba\/new\/cestitka-kurban-bajram\/\" class=\"more-link pen_button pen_element_default pen_icon_arrow_double\">Nastavite \u010ditati <span class=\"screen-reader-text\">\u010cESTITKA &#8211; KURBAN BAJRAM<\/span><\/a><\/p>\n","protected":false},"author":2,"featured_media":0,"comment_status":"closed","ping_status":"closed","sticky":false,"template":"","format":"standard","meta":{"footnotes":""},"categories":[2],"tags":[],"class_list":["post-870","post","type-post","status-publish","format-standard","hentry","category-novosti"],"_links":{"self":[{"href":"https:\/\/skupstinazp.ba\/new\/wp-json\/wp\/v2\/posts\/870","targetHints":{"allow":["GET"]}}],"collection":[{"href":"https:\/\/skupstinazp.ba\/new\/wp-json\/wp\/v2\/posts"}],"about":[{"href":"https:\/\/skupstinazp.ba\/new\/wp-json\/wp\/v2\/types\/post"}],"author":[{"embeddable":true,"href":"https:\/\/skupstinazp.ba\/new\/wp-json\/wp\/v2\/users\/2"}],"replies":[{"embeddable":true,"href":"https:\/\/skupstinazp.ba\/new\/wp-json\/wp\/v2\/comments?post=870"}],"version-history":[{"count":0,"href":"https:\/\/skupstinazp.ba\/new\/wp-json\/wp\/v2\/posts\/870\/revisions"}],"wp:attachment":[{"href":"https:\/\/skupstinazp.ba\/new\/wp-json\/wp\/v2\/media?parent=870"}],"wp:term":[{"taxonomy":"category","embeddable":true,"href":"https:\/\/skupstinazp.ba\/new\/wp-json\/wp\/v2\/categories?post=870"},{"taxonomy":"post_tag","embeddable":true,"href":"https:\/\/skupstinazp.ba\/new\/wp-json\/wp\/v2\/tags?post=870"}],"curies":[{"name":"wp","href":"https:\/\/api.w.org\/{rel}","templated":true}]}}