{"id":886,"date":"2012-11-06T18:58:58","date_gmt":"2012-11-06T18:58:58","guid":{"rendered":"http:\/\/skupstinazp.ba\/?p=886"},"modified":"2012-11-06T18:58:58","modified_gmt":"2012-11-06T18:58:58","slug":"obiljezen-dan-forsiranja-save","status":"publish","type":"post","link":"https:\/\/skupstinazp.ba\/new\/obiljezen-dan-forsiranja-save\/","title":{"rendered":"OBILJE\u017dEN DAN FORSIRANJA SAVE"},"content":{"rendered":"<p><a href=\"http:\/\/skupstinazp.ba\/wp-content\/uploads\/2012\/11\/dan-forsiranja-Save.png\"><img loading=\"lazy\" decoding=\"async\" class=\"aligncenter size-full wp-image-932\" title=\"dan forsiranja Save\" src=\"http:\/\/skupstinazp.ba\/wp-content\/uploads\/2012\/11\/dan-forsiranja-Save.png\" alt=\"\" width=\"272\" height=\"184\" \/><\/a>OD\u017dAK &#8211; U Svilaju na podru\u010dju od\u017ea\u010dke op\u0107ine obilje\u017een je dan, kada su pripadnici 102. od\u017ea\u010dke brigade, 05.11.1993. godine forsiraju\u0107i rijeku Savu pre\u0161li na podru\u010dje od\u017ea\u010dke op\u0107ine koje su tada kontroliorali pripadnici Vojske RS-a. <!--more Pro\u010ditaj vi\u0161e --> Bio je to poku\u0161aj povratka svojim ku\u0107ama i vra\u0107anja okupiranog podru\u010dja. Ove je godine polaganjem vijenaca obilje\u017eena 19. obljetnica tog doga\u0111aja. Polo\u017eeni su vijenci i zapaljene svije\u0107e. Izaslanstvo Skup\u0161tine \u017dupanije posavske predvo\u0111eno dopredsjednikom Anesom osmanovi\u0107em polo\u017eilo je vijence i na priogodan na\u010din odalo po\u010dast braniteljima 102. brigade, koji su sudjelovali u ovoj akciji i koji su tijekom akcije stradali.<\/p>\n","protected":false},"excerpt":{"rendered":"<p>OD\u017dAK &#8211; U Svilaju na podru\u010dju od\u017ea\u010dke op\u0107ine obilje\u017een je dan, kada su pripadnici 102. od\u017ea\u010dke brigade, 05.11.1993. godine forsiraju\u0107i rijeku Savu pre\u0161li na podru\u010dje od\u017ea\u010dke op\u0107ine koje su tada kontroliorali pripadnici Vojske RS-a.<\/p>\n","protected":false},"author":2,"featured_media":0,"comment_status":"closed","ping_status":"closed","sticky":false,"template":"","format":"standard","meta":{"footnotes":""},"categories":[2],"tags":[],"class_list":["post-886","post","type-post","status-publish","format-standard","hentry","category-novosti"],"_links":{"self":[{"href":"https:\/\/skupstinazp.ba\/new\/wp-json\/wp\/v2\/posts\/886","targetHints":{"allow":["GET"]}}],"collection":[{"href":"https:\/\/skupstinazp.ba\/new\/wp-json\/wp\/v2\/posts"}],"about":[{"href":"https:\/\/skupstinazp.ba\/new\/wp-json\/wp\/v2\/types\/post"}],"author":[{"embeddable":true,"href":"https:\/\/skupstinazp.ba\/new\/wp-json\/wp\/v2\/users\/2"}],"replies":[{"embeddable":true,"href":"https:\/\/skupstinazp.ba\/new\/wp-json\/wp\/v2\/comments?post=886"}],"version-history":[{"count":0,"href":"https:\/\/skupstinazp.ba\/new\/wp-json\/wp\/v2\/posts\/886\/revisions"}],"wp:attachment":[{"href":"https:\/\/skupstinazp.ba\/new\/wp-json\/wp\/v2\/media?parent=886"}],"wp:term":[{"taxonomy":"category","embeddable":true,"href":"https:\/\/skupstinazp.ba\/new\/wp-json\/wp\/v2\/categories?post=886"},{"taxonomy":"post_tag","embeddable":true,"href":"https:\/\/skupstinazp.ba\/new\/wp-json\/wp\/v2\/tags?post=886"}],"curies":[{"name":"wp","href":"https:\/\/api.w.org\/{rel}","templated":true}]}}