{"id":891,"date":"2012-11-09T06:44:44","date_gmt":"2012-11-09T06:44:44","guid":{"rendered":"http:\/\/skupstinazp.ba\/?p=891"},"modified":"2012-11-09T06:44:44","modified_gmt":"2012-11-09T06:44:44","slug":"okoncana-x-sjednica-skupstine-zp","status":"publish","type":"post","link":"https:\/\/skupstinazp.ba\/new\/okoncana-x-sjednica-skupstine-zp\/","title":{"rendered":"OKON\u010cANA X SJEDNICA SKUP\u0160TINE \u017dP"},"content":{"rendered":"<p><a href=\"http:\/\/skupstinazp.ba\/wp-content\/uploads\/2012\/11\/SKUPSTINA-IX-SJEDNICA.jpg\"><img loading=\"lazy\" decoding=\"async\" class=\"aligncenter size-medium wp-image-927\" title=\"SKUPSTINA IX SJEDNICA\" src=\"http:\/\/skupstinazp.ba\/wp-content\/uploads\/2012\/11\/SKUPSTINA-IX-SJEDNICA-300x240.jpg\" alt=\"\" width=\"300\" height=\"240\" srcset=\"https:\/\/skupstinazp.ba\/new\/wp-content\/uploads\/2012\/11\/SKUPSTINA-IX-SJEDNICA-300x240.jpg 300w, https:\/\/skupstinazp.ba\/new\/wp-content\/uploads\/2012\/11\/SKUPSTINA-IX-SJEDNICA.jpg 720w\" sizes=\"auto, (max-width: 300px) 100vw, 300px\" \/><\/a>DOMALJEVAC &#8211; Nakon sedmosatnog rada zastupnici Skup\u0161tine \u017dupanije posavske su uspje\u0161no priveli kraju deseto zasjedanje. Na dnevnom redu je bilo devet, od predlo\u017eenih deset to\u010daka.\u00a0<!--more Pro\u010ditaj vi\u0161e --> Prva predlo\u017eena to\u010dka Prijedlog odluke o imenovanju \u010dlanova Neovisnog odbora za izbor i reviziju je nakon raspave skinuta s dnevnog reda tjesnom ve\u0107inom zastupnika. Brojne rasprave uslijedile su i po drugoj to\u010dki dnevnog reda Izvje\u0161\u0107e o izvr\u0161enju Prora\u010duna \u017dupanije Posavske za razdoblje 01.01.-30.06.2012.godine, ali je na koncu rasprava ovo Izvje\u0161\u0107e prihva\u0107eno voljom ve\u0107ine zastupnika Skup\u0161tine \u017dupanije posavske. Izvje\u0161\u0107e o utro\u0161ku teku\u0107ih pri\u010duva Prora\u010duna \u017dupanije Posavske za razdoblje od 01.01.-30.06.2012. godine nije dobilo potrebnu skup\u0161tinsku ve\u0107inu pa je odbijeno, odnosno nije prihva\u0107eno. Rasprave su vo\u0111ene i kod tre\u0107e i \u010detvrte to\u010dke dnevnog reda Izvje\u0161\u0107e o radu i Izvje\u0161\u0107e o financijskom poslovanju Zavoda za javno zdravstvo \u017dupanije Posavske za 2011. godinu i Plan i program rada Zavoda za javno<br \/>\nzdravstvo \u017dupanije Posavske za 2012. godinu, ali su obadvije to\u010dke na kraju prihva\u0107ene glasovima ve\u0107ine zastupnika. \u010cini se da su to\u010dke 5. I 6. Izvje\u0161\u0107e o radu \u017dupanijskog zavoda za pru\u017eanje pravne pomo\u0107i za 2011. godinu i Plan i program rada \u017dupanijskog zavoda za pru\u017eanje pravne pomo\u0107i za 2012. godinu prihva\u0107ene najlak\u0161e. U proceduri rasprave i glasanja obadvije su prihva\u0107ene. Na primjedbu predsjednika Op\u0107inskog suda u Ora\u0161ju da Skup\u0161tina ne raspravlja o izvje\u0161\u0107ima pravosudnih institucija, posljednje tri to\u010dke 7., 8. i 9. Izvje\u0161\u0107e o radu Op\u0107inskog suda u Ora\u0161ju za 2011. Godinu, Informacija o radu Kantonalnog suda u Od\u017eaku za 2011. Godinu i Informacija o Izvje\u0161\u0107u o radu Kantonalnog tu\u017eiteljstva Posavskog kantona \u2013 Ora\u0161je za 2011. Godinu primljene k znanju bez rasprave.<\/p>\n<p>U prvom dijelu skup\u0161tinskog zasjedanja prihva\u0107en je Zapisnik s pro\u0161le IX sjednice. U zastupni\u010dkim pitanjima sudjelovali su Ninoslav Su\u0161ilovi\u0107, Anes Osmanovi\u0107 i Ilija Miki\u0107. Pokrenuto je nekoliko inicijativa.<\/p>\n<p>Zastupnici su raspravljali i o nekoliko zaklju\u010daka. Tako su prihva\u0107eni zaklju\u010dci da godi\u0161nja izvje\u0161\u0107a institucija, poduze\u0107a i organa koji se financiraju iz \u017eupanijskog prora\u010duna ne mogu na sjednicu Skup\u0161tine \u017dupanije posavske do\u0107i nakon okon\u010danja drugog kvartala. Vladi je dan rok od 30 dana za imenovanje ministara iz reda ostalih naroda. Zatra\u017eeno je ubrzavanje procesa otvaranja ureda Op\u0107inskog suda Ora\u0161je u Od\u017eaku.<\/p>\n<p>Skup\u0161tinski su se zastupnici slo\u017eili da nema rasprave o Planu i programu rada u XI mjesecu za teku\u0107u godinu. Moraju se na\u0107i mehanizmi da se Planovi i programi na zasjedanju na\u0111u na ranijim sjednicama.<\/p>\n","protected":false},"excerpt":{"rendered":"<p>DOMALJEVAC &#8211; Nakon sedmosatnog rada zastupnici Skup\u0161tine \u017dupanije posavske su uspje\u0161no priveli kraju deseto zasjedanje. Na dnevnom redu je bilo devet, od predlo\u017eenih deset to\u010daka.\u00a0<\/p>\n","protected":false},"author":2,"featured_media":0,"comment_status":"closed","ping_status":"closed","sticky":false,"template":"","format":"standard","meta":{"footnotes":""},"categories":[2],"tags":[],"class_list":["post-891","post","type-post","status-publish","format-standard","hentry","category-novosti"],"_links":{"self":[{"href":"https:\/\/skupstinazp.ba\/new\/wp-json\/wp\/v2\/posts\/891","targetHints":{"allow":["GET"]}}],"collection":[{"href":"https:\/\/skupstinazp.ba\/new\/wp-json\/wp\/v2\/posts"}],"about":[{"href":"https:\/\/skupstinazp.ba\/new\/wp-json\/wp\/v2\/types\/post"}],"author":[{"embeddable":true,"href":"https:\/\/skupstinazp.ba\/new\/wp-json\/wp\/v2\/users\/2"}],"replies":[{"embeddable":true,"href":"https:\/\/skupstinazp.ba\/new\/wp-json\/wp\/v2\/comments?post=891"}],"version-history":[{"count":0,"href":"https:\/\/skupstinazp.ba\/new\/wp-json\/wp\/v2\/posts\/891\/revisions"}],"wp:attachment":[{"href":"https:\/\/skupstinazp.ba\/new\/wp-json\/wp\/v2\/media?parent=891"}],"wp:term":[{"taxonomy":"category","embeddable":true,"href":"https:\/\/skupstinazp.ba\/new\/wp-json\/wp\/v2\/categories?post=891"},{"taxonomy":"post_tag","embeddable":true,"href":"https:\/\/skupstinazp.ba\/new\/wp-json\/wp\/v2\/tags?post=891"}],"curies":[{"name":"wp","href":"https:\/\/api.w.org\/{rel}","templated":true}]}}