{"id":908,"date":"2012-11-14T06:51:10","date_gmt":"2012-11-14T06:51:10","guid":{"rendered":"http:\/\/skupstinazp.ba\/?p=908"},"modified":"2012-11-14T06:51:10","modified_gmt":"2012-11-14T06:51:10","slug":"sjednica-vukovarsko-srijemske-zupanije","status":"publish","type":"post","link":"https:\/\/skupstinazp.ba\/new\/sjednica-vukovarsko-srijemske-zupanije\/","title":{"rendered":"SJEDNICA VUKOVARSKO SRIJEMSKE \u017dUPANIJE"},"content":{"rendered":"<p><a href=\"http:\/\/skupstinazp.ba\/wp-content\/uploads\/2012\/11\/svecana-sjednica-VSZ.jpg\"><img loading=\"lazy\" decoding=\"async\" class=\"aligncenter size-full wp-image-911\" title=\"svecana sjednica VSZ\" src=\"http:\/\/skupstinazp.ba\/wp-content\/uploads\/2012\/11\/svecana-sjednica-VSZ.jpg\" alt=\"\" width=\"250\" height=\"192\" \/><\/a>\u017dUPANJA &#8211; Dan \u017eupanije Vukovarsko &#8211; srijemske sve\u010dano je obilje\u017een ove godine u \u017dupanji. <!--more Pro\u010ditaj vi\u0161e --> Program obilje\u017eavanja po\u010deo je polaganjem vijenaca na spomen obilje\u017eju poginulim braniteljima \u017eupanjske Posavine. Vijence su polo\u017eili predstavnici \u017eupanije predvo\u0111eni \u017eupanom Bo\u017eom Gali\u0107em, grada \u017dupanje predvo\u0111eni gradona\u010delnikom Davorom Mili\u010devi\u0107em, policijske uprave Vukovarsko &#8211; srijemske predvo\u0111eni na\u010delnikom policijske postaje \u017dupanja Sa\u0161om Blumen\u0161ajnom, te koordinacije udruga proisteklih iz domovinskog rata na \u010delu s predsjednikom Stipom \u0160eremetom. U ime \u017dupanije posavske sve\u010danoj sjednici su bili nazo\u010dni predsjednik i dopredsjednik Skup\u0161tine \u017dupanije posavske prof. Mario Jurki\u0107 i Anes Osmanovi\u0107, te dva zastupnika Skup\u0161tine. Nakon polaganja vijenaca za sve uzvanike odr\u017eana je sveta misa, a potom i sve\u010dana sjednica \u017eupanijske skup\u0161tine. Proslava Dana \u017eupanije nastavljena je sve\u010danom sjednicom \u017eupanijske skup\u0161tine na kojoj su nazo\u010dili brojni visoki du\u017enosnici Republike Hrvatske, susjednih dr\u017eave te Vukovarsko &#8211; srijemske \u017eupanije, grada \u017dupanje kao i crkveni velikodostojnici. \u017dupanijske vije\u0107nike i nazo\u010dne goste pozdravili su potpredsjednik Sabora Tomislav \u010culjak, \u017eupan Bo\u017eo Gali\u0107 i predsjednik \u017eupanijske skup\u0161tine Antun \u017dagar.<\/p>\n<p>Na sve\u010danoj sjenici dodiljena su priznanja \u017eupanije zaslu\u017enim pojedincima i ustanovama.<\/p>\n","protected":false},"excerpt":{"rendered":"<p>\u017dUPANJA &#8211; Dan \u017eupanije Vukovarsko &#8211; srijemske sve\u010dano je obilje\u017een ove godine u \u017dupanji.<\/p>\n","protected":false},"author":2,"featured_media":0,"comment_status":"closed","ping_status":"closed","sticky":false,"template":"","format":"standard","meta":{"footnotes":""},"categories":[2],"tags":[],"class_list":["post-908","post","type-post","status-publish","format-standard","hentry","category-novosti"],"_links":{"self":[{"href":"https:\/\/skupstinazp.ba\/new\/wp-json\/wp\/v2\/posts\/908","targetHints":{"allow":["GET"]}}],"collection":[{"href":"https:\/\/skupstinazp.ba\/new\/wp-json\/wp\/v2\/posts"}],"about":[{"href":"https:\/\/skupstinazp.ba\/new\/wp-json\/wp\/v2\/types\/post"}],"author":[{"embeddable":true,"href":"https:\/\/skupstinazp.ba\/new\/wp-json\/wp\/v2\/users\/2"}],"replies":[{"embeddable":true,"href":"https:\/\/skupstinazp.ba\/new\/wp-json\/wp\/v2\/comments?post=908"}],"version-history":[{"count":0,"href":"https:\/\/skupstinazp.ba\/new\/wp-json\/wp\/v2\/posts\/908\/revisions"}],"wp:attachment":[{"href":"https:\/\/skupstinazp.ba\/new\/wp-json\/wp\/v2\/media?parent=908"}],"wp:term":[{"taxonomy":"category","embeddable":true,"href":"https:\/\/skupstinazp.ba\/new\/wp-json\/wp\/v2\/categories?post=908"},{"taxonomy":"post_tag","embeddable":true,"href":"https:\/\/skupstinazp.ba\/new\/wp-json\/wp\/v2\/tags?post=908"}],"curies":[{"name":"wp","href":"https:\/\/api.w.org\/{rel}","templated":true}]}}