{"id":941,"date":"2012-12-21T20:35:40","date_gmt":"2012-12-21T20:35:40","guid":{"rendered":"http:\/\/skupstinazp.ba\/?p=941"},"modified":"2012-12-21T20:35:40","modified_gmt":"2012-12-21T20:35:40","slug":"941","status":"publish","type":"post","link":"https:\/\/skupstinazp.ba\/new\/941\/","title":{"rendered":"SASTANAK U SARAJEVU"},"content":{"rendered":"<p><a href=\"http:\/\/skupstinazp.ba\/wp-content\/uploads\/2012\/12\/anes-osmanovic.jpg\"><img loading=\"lazy\" decoding=\"async\" class=\"aligncenter size-full wp-image-944\" title=\"anes osmanovic\" src=\"http:\/\/skupstinazp.ba\/wp-content\/uploads\/2012\/12\/anes-osmanovic.jpg\" alt=\"\" width=\"274\" height=\"206\" \/><\/a>SARAJEVO\/DOMALJEVAC &#8211; U Sarajevu je odr\u017ean sastanak rukovodstva Parlamenta Federacije BiH (FBiH) i predstavnika skup\u0161tina \u017eupanija\/kantona u FBiH, na kojem je razgovarano o unapre\u0111enju procesa uspostave mehanizma i koordinacije koji \u0107e omogu\u0107iti efikasniji rad parlamenata, sinkronizaciju aktivnosti i dono\u0161enje pravne norme koja ima europsku klauzulu.<!--more Pro\u010ditaj vi\u0161e -->Skup\u0161tinu \u017dupanije posavske na spomenutom sastanku predstavljao je dopredsjednik skup\u0161tine Anes Osmanovi\u0107. Predsjedavaju\u0107i Predstavni\u010dkog doma Parlamenta<br \/>\nFBiH Fehim \u0160kalji\u0107 je podsjetio da je BiH preuzela obavezu da u pripremi ka europskom putu ispuni uvjete iz Mape puta, te da je jedna od zada\u0107a zahtjev da se unutar BiH na svim razinama izvr\u0161i efikasan sistem koordinacije subjekata. &#8220;Sudionici skupa su izrazili zadovoljsvo otpo\u010dinjanjem ovakvog procesa i istakli spremnost doprino\u0161enja njegovog razvoja&#8221;, rekao je \u0160kalji\u0107 novinarima nakon sastanka. Potpredsjedavaju\u0107i Predstavni\u010dkog doma Parlamenta FBiH Tomo Vidovi\u0107 kazao je da rukovodstvo Parlamenta FBiH smatra da je potrebno uspostaviti trajnu koordinaciju i suradnju izme\u0111u \u017eupanija\/kantona u FBiH i FBiH, kako bi se osiguralo dono\u0161enje svih zakona uskla\u0111enih s evropskim. &#8220;Mislimo da je potrebno uva\u017eiti ustavne nadle\u017enosti \u017eupanija\/kantona i FBiH, te u koordinaciji ubrzano raditi na dono\u0161enju tih zakona. Nadam se da ovaj sastanak predstavlja novu praksu koja \u0107e omogu\u0107iti funkcionalniju FBiH, s ciljem osiguravanja boljih uvjeta \u017eivota svih gra\u0111ana FBiH&#8221;, rekao je Vidovi\u0107. Prema njegovim rije\u010dima, dogovoreno je da \u0107e se sli\u010dni sastanci zakazivati po potrebi, jer je neophodno svaka dva ili tri mjeseca razmatrati i donositi zakone koji se nalaze u parlamentarnoj proceduri Parlamenta FBiH. Dopredsjednik Skup\u0161tine \u017dupanije posavske Anes Osmanovi\u0107 i tajnik skup\u0161tine Livanjske \u017eupanije Zdravko \u0160arac izrazili su zadovoljstvo ovakvim na\u010dinom sastanka. &#8220;Ovo je prvi put nakon 15 godina da se konzumiraju ustavne nadle\u017enosti, odnosno da se zajedni\u010dke nadle\u017enosti izme\u0111u FBiH i \u017eupanija\/kantona u FBiH rje\u0161avaju zajedni\u010dki, a sve u cilju izbjegavanja obaranja zakona pred ustavnim sudom i ulaska BiH u Europsku uniju&#8221;, rekao je Osmanovi\u0107.<\/p>\n","protected":false},"excerpt":{"rendered":"<p>SARAJEVO\/DOMALJEVAC &#8211; U Sarajevu je odr\u017ean sastanak rukovodstva Parlamenta Federacije BiH (FBiH) i predstavnika skup\u0161tina \u017eupanija\/kantona u FBiH, na kojem je razgovarano o unapre\u0111enju procesa uspostave mehanizma i koordinacije koji \u0107e omogu\u0107iti efikasniji rad parlamenata, sinkronizaciju aktivnosti i dono\u0161enje pravne norme koja ima europsku klauzulu.<\/p>\n","protected":false},"author":2,"featured_media":0,"comment_status":"closed","ping_status":"closed","sticky":false,"template":"","format":"standard","meta":{"footnotes":""},"categories":[2],"tags":[],"class_list":["post-941","post","type-post","status-publish","format-standard","hentry","category-novosti"],"_links":{"self":[{"href":"https:\/\/skupstinazp.ba\/new\/wp-json\/wp\/v2\/posts\/941","targetHints":{"allow":["GET"]}}],"collection":[{"href":"https:\/\/skupstinazp.ba\/new\/wp-json\/wp\/v2\/posts"}],"about":[{"href":"https:\/\/skupstinazp.ba\/new\/wp-json\/wp\/v2\/types\/post"}],"author":[{"embeddable":true,"href":"https:\/\/skupstinazp.ba\/new\/wp-json\/wp\/v2\/users\/2"}],"replies":[{"embeddable":true,"href":"https:\/\/skupstinazp.ba\/new\/wp-json\/wp\/v2\/comments?post=941"}],"version-history":[{"count":0,"href":"https:\/\/skupstinazp.ba\/new\/wp-json\/wp\/v2\/posts\/941\/revisions"}],"wp:attachment":[{"href":"https:\/\/skupstinazp.ba\/new\/wp-json\/wp\/v2\/media?parent=941"}],"wp:term":[{"taxonomy":"category","embeddable":true,"href":"https:\/\/skupstinazp.ba\/new\/wp-json\/wp\/v2\/categories?post=941"},{"taxonomy":"post_tag","embeddable":true,"href":"https:\/\/skupstinazp.ba\/new\/wp-json\/wp\/v2\/tags?post=941"}],"curies":[{"name":"wp","href":"https:\/\/api.w.org\/{rel}","templated":true}]}}