{"id":947,"date":"2012-12-21T20:42:47","date_gmt":"2012-12-21T20:42:47","guid":{"rendered":"http:\/\/skupstinazp.ba\/?p=947"},"modified":"2012-12-21T20:42:47","modified_gmt":"2012-12-21T20:42:47","slug":"cestitka-za-bozic-i-novu-godinu","status":"publish","type":"post","link":"https:\/\/skupstinazp.ba\/new\/cestitka-za-bozic-i-novu-godinu\/","title":{"rendered":"\u010cESTITKA ZA BO\u017dI\u0106 I NOVU GODINU"},"content":{"rendered":"<p><a href=\"http:\/\/skupstinazp.ba\/wp-content\/uploads\/2012\/12\/predsjednik-i-dopredsjednik-skupstine-zp1.jpg\"><img loading=\"lazy\" decoding=\"async\" class=\"aligncenter size-medium wp-image-950\" title=\"predsjednik i dopredsjednik skupstine zp\" src=\"http:\/\/skupstinazp.ba\/wp-content\/uploads\/2012\/12\/predsjednik-i-dopredsjednik-skupstine-zp1-300x200.jpg\" alt=\"\" width=\"300\" height=\"200\" srcset=\"https:\/\/skupstinazp.ba\/new\/wp-content\/uploads\/2012\/12\/predsjednik-i-dopredsjednik-skupstine-zp1-300x200.jpg 300w, https:\/\/skupstinazp.ba\/new\/wp-content\/uploads\/2012\/12\/predsjednik-i-dopredsjednik-skupstine-zp1.jpg 600w\" sizes=\"auto, (max-width: 300px) 100vw, 300px\" \/><\/a>Svim vjernicima katoli\u010dke vjeroispovjesti najljep\u0161e \u017eelje za predstoje\u0107i obiteljski blagdan. Neka ih radost Kristova ro\u0111enja ponese do najsvetijih duhovnih prostora i na\u0111u mjesto u svojim srcima za sve ljepote ovoga svijeta.<\/p>\n<p>U novu godinu po\u0111imo radosni, zaboravljaju\u0107i probleme i brige, nadaju\u0107i se da \u0107e idu\u0107a godina biti bolja, sretnija i manje stresna.<\/p>\n<p>Predsjednik i dopredsjednik Skup\u0161tine \u017dupanije posavske prof. Mario Jurki\u0107 i Anes Osmanovi\u0107.<\/p>\n","protected":false},"excerpt":{"rendered":"<p>Svim vjernicima katoli\u010dke vjeroispovjesti najljep\u0161e \u017eelje za predstoje\u0107i obiteljski blagdan. Neka ih radost Kristova ro\u0111enja ponese do najsvetijih duhovnih prostora i na\u0111u mjesto u svojim srcima za sve ljepote ovoga svijeta. U novu godinu po\u0111imo radosni, zaboravljaju\u0107i probleme i brige, nadaju\u0107i se da \u0107e idu\u0107a godina biti bolja, sretnija i manje stresna. Predsjednik i dopredsjednik &hellip;<br \/><a href=\"https:\/\/skupstinazp.ba\/new\/cestitka-za-bozic-i-novu-godinu\/\" class=\"more-link pen_button pen_element_default pen_icon_arrow_double\">Nastavite \u010ditati <span class=\"screen-reader-text\">\u010cESTITKA ZA BO\u017dI\u0106 I NOVU GODINU<\/span><\/a><\/p>\n","protected":false},"author":2,"featured_media":0,"comment_status":"closed","ping_status":"closed","sticky":false,"template":"","format":"standard","meta":{"footnotes":""},"categories":[2],"tags":[],"class_list":["post-947","post","type-post","status-publish","format-standard","hentry","category-novosti"],"_links":{"self":[{"href":"https:\/\/skupstinazp.ba\/new\/wp-json\/wp\/v2\/posts\/947","targetHints":{"allow":["GET"]}}],"collection":[{"href":"https:\/\/skupstinazp.ba\/new\/wp-json\/wp\/v2\/posts"}],"about":[{"href":"https:\/\/skupstinazp.ba\/new\/wp-json\/wp\/v2\/types\/post"}],"author":[{"embeddable":true,"href":"https:\/\/skupstinazp.ba\/new\/wp-json\/wp\/v2\/users\/2"}],"replies":[{"embeddable":true,"href":"https:\/\/skupstinazp.ba\/new\/wp-json\/wp\/v2\/comments?post=947"}],"version-history":[{"count":0,"href":"https:\/\/skupstinazp.ba\/new\/wp-json\/wp\/v2\/posts\/947\/revisions"}],"wp:attachment":[{"href":"https:\/\/skupstinazp.ba\/new\/wp-json\/wp\/v2\/media?parent=947"}],"wp:term":[{"taxonomy":"category","embeddable":true,"href":"https:\/\/skupstinazp.ba\/new\/wp-json\/wp\/v2\/categories?post=947"},{"taxonomy":"post_tag","embeddable":true,"href":"https:\/\/skupstinazp.ba\/new\/wp-json\/wp\/v2\/tags?post=947"}],"curies":[{"name":"wp","href":"https:\/\/api.w.org\/{rel}","templated":true}]}}