{"id":952,"date":"2012-12-27T20:14:35","date_gmt":"2012-12-27T20:14:35","guid":{"rendered":"http:\/\/skupstinazp.ba\/?p=952"},"modified":"2012-12-27T20:14:35","modified_gmt":"2012-12-27T20:14:35","slug":"iv-izvanedna-sjednica-skupstine-zp","status":"publish","type":"post","link":"https:\/\/skupstinazp.ba\/new\/iv-izvanedna-sjednica-skupstine-zp\/","title":{"rendered":"IV IZVANREDNA SJEDNICA SKUP\u0160TINE \u017dP"},"content":{"rendered":"<p><a href=\"http:\/\/skupstinazp.ba\/wp-content\/uploads\/2012\/11\/SKUPSTINA-IX-SJEDNICA.jpg\"><img loading=\"lazy\" decoding=\"async\" class=\"aligncenter size-medium wp-image-927\" title=\"SKUPSTINA IX SJEDNICA\" src=\"http:\/\/skupstinazp.ba\/wp-content\/uploads\/2012\/11\/SKUPSTINA-IX-SJEDNICA-300x240.jpg\" alt=\"\" width=\"300\" height=\"240\" srcset=\"https:\/\/skupstinazp.ba\/new\/wp-content\/uploads\/2012\/11\/SKUPSTINA-IX-SJEDNICA-300x240.jpg 300w, https:\/\/skupstinazp.ba\/new\/wp-content\/uploads\/2012\/11\/SKUPSTINA-IX-SJEDNICA.jpg 720w\" sizes=\"auto, (max-width: 300px) 100vw, 300px\" \/><\/a>DOMALJEVAC\u00a0&#8211; Za\u00a028.12.2012. godine\u00a0je u Domaljevcu zakazana IV izvanredna sjednica Skup\u0161tine \u017dupanije posavske. Na dnevnom su redu Prijedlog izmjena i dopuna Prora\u010duna \u017dupanije Posavske za 2012. godinu i Prijedlog odluke o privremenom financiranju \u017dupanije Posavske za razdoblje sije\u010danj-o\u017eujak 2013. godine. <!--more Pro\u010ditaj vi\u0161e --><\/p>\n<p>Temeljem \u010dlanka 22. Ustava \u017dupanije Posavske, \u010dlanka 69. i \u010dlanka 70. stavak 2. Poslovnika o radu Skup\u0161tine \u017dupanije Posavske, s a z i v a m<\/p>\n<p>IV. IZVANREDNU SJEDNICU SKUP\u0160TINE<\/p>\n<p align=\"center\">\u00a0\u017dUPANIJE POSAVSKE<\/p>\n<p align=\"center\">za dan 28. prosinca (petak) 2012. u 11,00 sati<\/p>\n<p>Sjednica \u0107e se odr\u017eati u dvorani za sjednice Skup\u0161tine \u017dupanije Posavske u Domaljevcu.<\/p>\n<p>Za sjednicu se predla\u017ee slijede\u0107i<\/p>\n<p>DNEVNI RED<\/p>\n<p>1.Prijedlog izmjena i dopuna Prora\u010duna \u017dupanije Posavske za 2012. godinu<br \/>\ni<\/p>\n<p>2.Prijedlog odluke o privremenom financiranju \u017dupanije Posavske za razdoblje sije\u010danj-o\u017eujak 2013. godine.<\/p>\n","protected":false},"excerpt":{"rendered":"<p>DOMALJEVAC\u00a0&#8211; Za\u00a028.12.2012. godine\u00a0je u Domaljevcu zakazana IV izvanredna sjednica Skup\u0161tine \u017dupanije posavske. Na dnevnom su redu Prijedlog izmjena i dopuna Prora\u010duna \u017dupanije Posavske za 2012. godinu i Prijedlog odluke o privremenom financiranju \u017dupanije Posavske za razdoblje sije\u010danj-o\u017eujak 2013. godine.<\/p>\n","protected":false},"author":2,"featured_media":0,"comment_status":"closed","ping_status":"closed","sticky":false,"template":"","format":"standard","meta":{"footnotes":""},"categories":[2],"tags":[],"class_list":["post-952","post","type-post","status-publish","format-standard","hentry","category-novosti"],"_links":{"self":[{"href":"https:\/\/skupstinazp.ba\/new\/wp-json\/wp\/v2\/posts\/952","targetHints":{"allow":["GET"]}}],"collection":[{"href":"https:\/\/skupstinazp.ba\/new\/wp-json\/wp\/v2\/posts"}],"about":[{"href":"https:\/\/skupstinazp.ba\/new\/wp-json\/wp\/v2\/types\/post"}],"author":[{"embeddable":true,"href":"https:\/\/skupstinazp.ba\/new\/wp-json\/wp\/v2\/users\/2"}],"replies":[{"embeddable":true,"href":"https:\/\/skupstinazp.ba\/new\/wp-json\/wp\/v2\/comments?post=952"}],"version-history":[{"count":0,"href":"https:\/\/skupstinazp.ba\/new\/wp-json\/wp\/v2\/posts\/952\/revisions"}],"wp:attachment":[{"href":"https:\/\/skupstinazp.ba\/new\/wp-json\/wp\/v2\/media?parent=952"}],"wp:term":[{"taxonomy":"category","embeddable":true,"href":"https:\/\/skupstinazp.ba\/new\/wp-json\/wp\/v2\/categories?post=952"},{"taxonomy":"post_tag","embeddable":true,"href":"https:\/\/skupstinazp.ba\/new\/wp-json\/wp\/v2\/tags?post=952"}],"curies":[{"name":"wp","href":"https:\/\/api.w.org\/{rel}","templated":true}]}}