{"id":963,"date":"2012-12-31T11:51:43","date_gmt":"2012-12-31T11:51:43","guid":{"rendered":"http:\/\/skupstinazp.ba\/?p=963"},"modified":"2012-12-31T11:51:43","modified_gmt":"2012-12-31T11:51:43","slug":"cestitka-za-novu-2013-godinu","status":"publish","type":"post","link":"https:\/\/skupstinazp.ba\/new\/cestitka-za-novu-2013-godinu\/","title":{"rendered":"\u010cESTITKA ZA NOVU 2013. GODINU"},"content":{"rendered":"<p><a href=\"http:\/\/skupstinazp.ba\/wp-content\/uploads\/2012\/12\/skupstina-rebalans1.jpg\"><img loading=\"lazy\" decoding=\"async\" class=\"aligncenter size-medium wp-image-964\" title=\"skupstina rebalans\" src=\"http:\/\/skupstinazp.ba\/wp-content\/uploads\/2012\/12\/skupstina-rebalans1-300x240.jpg\" alt=\"\" width=\"300\" height=\"240\" srcset=\"https:\/\/skupstinazp.ba\/new\/wp-content\/uploads\/2012\/12\/skupstina-rebalans1-300x240.jpg 300w, https:\/\/skupstinazp.ba\/new\/wp-content\/uploads\/2012\/12\/skupstina-rebalans1.jpg 720w\" sizes=\"auto, (max-width: 300px) 100vw, 300px\" \/><\/a>DOMALJEVAC &#8211; Mario Jurki\u0107 i Anes Osmanovi\u0107, predsjednik i dopredsjednik Skup\u0161tine \u017dupanije posavske \u017eele svim \u017eiteljima \u017dupanije posavske, BiH i diljem svijeta gdje \u017eive Posavljaci, ali i drugi ljudi sve najbolje u nadolaze\u0107oj 2013. godini. Neka kriza bude manja no u pro\u0161loj godini i neka se \u017eivotni standard pobolj\u0161a i neka \u017dupanija posavska kona\u010dno dobije svoj adekvatan status u BiH.<\/p>\n","protected":false},"excerpt":{"rendered":"<p>DOMALJEVAC &#8211; Mario Jurki\u0107 i Anes Osmanovi\u0107, predsjednik i dopredsjednik Skup\u0161tine \u017dupanije posavske \u017eele svim \u017eiteljima \u017dupanije posavske, BiH i diljem svijeta gdje \u017eive Posavljaci, ali i drugi ljudi sve najbolje u nadolaze\u0107oj 2013. godini. Neka kriza bude manja no u pro\u0161loj godini i neka se \u017eivotni standard pobolj\u0161a i neka \u017dupanija posavska kona\u010dno dobije &hellip;<br \/><a href=\"https:\/\/skupstinazp.ba\/new\/cestitka-za-novu-2013-godinu\/\" class=\"more-link pen_button pen_element_default pen_icon_arrow_double\">Nastavite \u010ditati <span class=\"screen-reader-text\">\u010cESTITKA ZA NOVU 2013. GODINU<\/span><\/a><\/p>\n","protected":false},"author":2,"featured_media":0,"comment_status":"closed","ping_status":"closed","sticky":false,"template":"","format":"standard","meta":{"footnotes":""},"categories":[2],"tags":[],"class_list":["post-963","post","type-post","status-publish","format-standard","hentry","category-novosti"],"_links":{"self":[{"href":"https:\/\/skupstinazp.ba\/new\/wp-json\/wp\/v2\/posts\/963","targetHints":{"allow":["GET"]}}],"collection":[{"href":"https:\/\/skupstinazp.ba\/new\/wp-json\/wp\/v2\/posts"}],"about":[{"href":"https:\/\/skupstinazp.ba\/new\/wp-json\/wp\/v2\/types\/post"}],"author":[{"embeddable":true,"href":"https:\/\/skupstinazp.ba\/new\/wp-json\/wp\/v2\/users\/2"}],"replies":[{"embeddable":true,"href":"https:\/\/skupstinazp.ba\/new\/wp-json\/wp\/v2\/comments?post=963"}],"version-history":[{"count":0,"href":"https:\/\/skupstinazp.ba\/new\/wp-json\/wp\/v2\/posts\/963\/revisions"}],"wp:attachment":[{"href":"https:\/\/skupstinazp.ba\/new\/wp-json\/wp\/v2\/media?parent=963"}],"wp:term":[{"taxonomy":"category","embeddable":true,"href":"https:\/\/skupstinazp.ba\/new\/wp-json\/wp\/v2\/categories?post=963"},{"taxonomy":"post_tag","embeddable":true,"href":"https:\/\/skupstinazp.ba\/new\/wp-json\/wp\/v2\/tags?post=963"}],"curies":[{"name":"wp","href":"https:\/\/api.w.org\/{rel}","templated":true}]}}