{"id":977,"date":"2013-01-29T17:24:14","date_gmt":"2013-01-29T17:24:14","guid":{"rendered":"http:\/\/skupstinazp.ba\/?p=977"},"modified":"2013-01-29T17:24:14","modified_gmt":"2013-01-29T17:24:14","slug":"zastupnici-skupstine-posjetili-nacelnika-opcine-odzak","status":"publish","type":"post","link":"https:\/\/skupstinazp.ba\/new\/zastupnici-skupstine-posjetili-nacelnika-opcine-odzak\/","title":{"rendered":"ZASTUPNICI SKUP\u0160TINE POSJETILI NA\u010cELNIKA OP\u0106INE OD\u017dAK"},"content":{"rendered":"<p><a href=\"http:\/\/skupstinazp.ba\/wp-content\/uploads\/2013\/01\/zgrada_opcine_Odzak.jpg\"><img loading=\"lazy\" decoding=\"async\" class=\"aligncenter size-medium wp-image-979\" title=\"zgrada_opcine_Odzak\" src=\"http:\/\/skupstinazp.ba\/wp-content\/uploads\/2013\/01\/zgrada_opcine_Odzak-300x195.jpg\" alt=\"\" width=\"300\" height=\"195\" \/><\/a>OD\u017dAK &#8211; U sklopu svojih svakodnevnih radnih aktivnosti profesionalno anga\u017eirani zastupnici u skup\u0161tini \u017dupanije Posavske s podru\u010dja od\u017ea\u010dke op\u0107ine, u utorak, 29. sije\u010dnja 2013. godine, predvo\u0111eni dopredsjednikom skup\u0161tine Anesom Osmanovi\u0107em posjetili su na\u010delnika op\u0107ine Od\u017eak Hajrudina Had\u017eidedi\u0107a. <!--more Pro\u010ditaj vi\u0161e --> Na\u010delnik op\u0107ine Had\u017eidedi\u0107 upoznao je zastupnike i dopredsjednika Osmanovi\u0107a s financijskim stanjem u Op\u0107ini koje nije obe\u0107avaju\u0107e.Zastupnike je zanimao odnos op\u0107ina &#8211; \u017eupanija te su izrazili spremnost da kao zastupnici iz ove op\u0107ine u\u010dine sve kako bi doprinjeli boljitku ovog kraja i op\u0107ine Od\u017eak. Nezaobilazna tema su bili akumulirani problemi oko komunalne naknade i rasvjete kao i prevoza u\u010denika, a razgovaralo se i o sredstvima prenamjene zemlji\u0161ta koje \u017dupanija treba da preusmjeri na Op\u0107inu kako bi bila usmjerena u zakonom predvi\u0111ena ulaganja u op\u0107ini Od\u017eak. Na\u010delnik op\u0107ine Hajrudin Had\u017eidedi\u0107 izrazio je zadovoljstvo ovakvim radnim sastankom kao i nadu da \u0107e u narednom periodu biti jo\u0161 vi\u0161e ovakvih posjeta, a sve u pospje\u0161enja komunikacije i saradnje na relaciji \u017dupanija &#8211; op\u0107ina Od\u017eak. Dopredsjednik skup\u0161tine Osmanovi\u0107 tako\u0111er je izrazio zadovoljstvo ovom posjetom te najavio kako i u narednom periodu zajedno sa zastupnicima u sklopu svojih svakodnevnih aktivnosti posjetiti sve \u017eupanijske institucije na podru\u010dju op\u0107ine Od\u017eak, privredne subjekte i organizacije koje djeluju na ovom podru\u010dju kao bi se kao zastupnici \u0161to bolje upoznali sa stanjem i problemima u Op\u0107ini Od\u017eak.<\/p>\n","protected":false},"excerpt":{"rendered":"<p>OD\u017dAK &#8211; U sklopu svojih svakodnevnih radnih aktivnosti profesionalno anga\u017eirani zastupnici u skup\u0161tini \u017dupanije Posavske s podru\u010dja od\u017ea\u010dke op\u0107ine, u utorak, 29. sije\u010dnja 2013. godine, predvo\u0111eni dopredsjednikom skup\u0161tine Anesom Osmanovi\u0107em posjetili su na\u010delnika op\u0107ine Od\u017eak Hajrudina Had\u017eidedi\u0107a.<\/p>\n","protected":false},"author":2,"featured_media":0,"comment_status":"closed","ping_status":"closed","sticky":false,"template":"","format":"standard","meta":{"footnotes":""},"categories":[2],"tags":[],"class_list":["post-977","post","type-post","status-publish","format-standard","hentry","category-novosti"],"_links":{"self":[{"href":"https:\/\/skupstinazp.ba\/new\/wp-json\/wp\/v2\/posts\/977","targetHints":{"allow":["GET"]}}],"collection":[{"href":"https:\/\/skupstinazp.ba\/new\/wp-json\/wp\/v2\/posts"}],"about":[{"href":"https:\/\/skupstinazp.ba\/new\/wp-json\/wp\/v2\/types\/post"}],"author":[{"embeddable":true,"href":"https:\/\/skupstinazp.ba\/new\/wp-json\/wp\/v2\/users\/2"}],"replies":[{"embeddable":true,"href":"https:\/\/skupstinazp.ba\/new\/wp-json\/wp\/v2\/comments?post=977"}],"version-history":[{"count":0,"href":"https:\/\/skupstinazp.ba\/new\/wp-json\/wp\/v2\/posts\/977\/revisions"}],"wp:attachment":[{"href":"https:\/\/skupstinazp.ba\/new\/wp-json\/wp\/v2\/media?parent=977"}],"wp:term":[{"taxonomy":"category","embeddable":true,"href":"https:\/\/skupstinazp.ba\/new\/wp-json\/wp\/v2\/categories?post=977"},{"taxonomy":"post_tag","embeddable":true,"href":"https:\/\/skupstinazp.ba\/new\/wp-json\/wp\/v2\/tags?post=977"}],"curies":[{"name":"wp","href":"https:\/\/api.w.org\/{rel}","templated":true}]}}