{"id":985,"date":"2013-02-04T13:46:03","date_gmt":"2013-02-04T13:46:03","guid":{"rendered":"http:\/\/skupstinazp.ba\/?p=985"},"modified":"2013-02-04T13:46:03","modified_gmt":"2013-02-04T13:46:03","slug":"zasjedala-skupstina-zupanije-posavske","status":"publish","type":"post","link":"https:\/\/skupstinazp.ba\/new\/zasjedala-skupstina-zupanije-posavske\/","title":{"rendered":"ZASJEDALA SKUP\u0160TINA \u017dUPANIJE POSAVSKE"},"content":{"rendered":"<p><a href=\"http:\/\/skupstinazp.ba\/wp-content\/uploads\/2013\/02\/predsjednik-i-dopredsjednik-skupstine-zp1.jpg\"><img loading=\"lazy\" decoding=\"async\" class=\"aligncenter size-medium wp-image-988\" title=\"predsjednik-i-dopredsjednik-skupstine-zp1\" src=\"http:\/\/skupstinazp.ba\/wp-content\/uploads\/2013\/02\/predsjednik-i-dopredsjednik-skupstine-zp1-300x200.jpg\" alt=\"\" width=\"300\" height=\"200\" srcset=\"https:\/\/skupstinazp.ba\/new\/wp-content\/uploads\/2013\/02\/predsjednik-i-dopredsjednik-skupstine-zp1-300x200.jpg 300w, https:\/\/skupstinazp.ba\/new\/wp-content\/uploads\/2013\/02\/predsjednik-i-dopredsjednik-skupstine-zp1.jpg 600w\" sizes=\"auto, (max-width: 300px) 100vw, 300px\" \/><\/a>DOMALJEVAC &#8211;\u00a0Okon\u010dana je XI redovita sjednica Skup\u0161tine \u017dupanije posavske u Domaljevcu. <!--more Pro\u010ditaj vi\u0161e -->Na po\u010detku sjednice prilikom ovjeravanja dnevnog reda povu\u0107ena je iz dalje procedure za sjednicu Skup\u0161tine to\u010dka: Program rada Skup\u0161tine \u017dupanije posavske, a kao peta je dodana Odluka o davanju suglasnosti za zaklju\u010divanje ugovora o reprogramiranju obveza po 3. stand by aran\u017emana s MMF-om. Zastupnici su tako razmatrali i usvojili Izvje\u0161\u0107e o radu Skup\u0161tine \u017dupanije Posavske za 2012. godinu, Nacrt Kodeksa pona\u0161anja izabranih du\u017enosnika i nositelja izvr\u0161nih funkcija u Skup\u0161tini \u017dupanije Posavske, Prijedlog zakona o izmjenama i dopunama Zakona o zdravstvenoj za\u0161titi. Zastupnici Skup\u0161tine \u017dupanije Posavske primili su k znanju Informacija o izvje\u0161\u0107u o radu Kantonalnog tu\u017eiteljstva Posavskoga kantona \u2013 Ora\u0161je za period od 01.01. 2012.<br \/>\ngodine \u2013 31-12. 2012.godine. Svih pet to\u010daka je usvojeno voljom ve\u0107ine skup\u0161tinskih zastupnika.<\/p>\n<p>Zastupnici Osmanovi\u0107, Miki\u0107, \u0110ulovi\u0107, Su\u0161ilovi\u0107 i Matanovi\u0107 postavili su zastupni\u010dka pitanja i podnijeli skup\u0161tinske incijative.<\/p>\n<p>&nbsp;<\/p>\n","protected":false},"excerpt":{"rendered":"<p>DOMALJEVAC &#8211;\u00a0Okon\u010dana je XI redovita sjednica Skup\u0161tine \u017dupanije posavske u Domaljevcu.<\/p>\n","protected":false},"author":2,"featured_media":0,"comment_status":"closed","ping_status":"closed","sticky":false,"template":"","format":"standard","meta":{"footnotes":""},"categories":[2],"tags":[],"class_list":["post-985","post","type-post","status-publish","format-standard","hentry","category-novosti"],"_links":{"self":[{"href":"https:\/\/skupstinazp.ba\/new\/wp-json\/wp\/v2\/posts\/985","targetHints":{"allow":["GET"]}}],"collection":[{"href":"https:\/\/skupstinazp.ba\/new\/wp-json\/wp\/v2\/posts"}],"about":[{"href":"https:\/\/skupstinazp.ba\/new\/wp-json\/wp\/v2\/types\/post"}],"author":[{"embeddable":true,"href":"https:\/\/skupstinazp.ba\/new\/wp-json\/wp\/v2\/users\/2"}],"replies":[{"embeddable":true,"href":"https:\/\/skupstinazp.ba\/new\/wp-json\/wp\/v2\/comments?post=985"}],"version-history":[{"count":0,"href":"https:\/\/skupstinazp.ba\/new\/wp-json\/wp\/v2\/posts\/985\/revisions"}],"wp:attachment":[{"href":"https:\/\/skupstinazp.ba\/new\/wp-json\/wp\/v2\/media?parent=985"}],"wp:term":[{"taxonomy":"category","embeddable":true,"href":"https:\/\/skupstinazp.ba\/new\/wp-json\/wp\/v2\/categories?post=985"},{"taxonomy":"post_tag","embeddable":true,"href":"https:\/\/skupstinazp.ba\/new\/wp-json\/wp\/v2\/tags?post=985"}],"curies":[{"name":"wp","href":"https:\/\/api.w.org\/{rel}","templated":true}]}}