{"id":998,"date":"2013-02-05T17:17:10","date_gmt":"2013-02-05T17:17:10","guid":{"rendered":"http:\/\/skupstinazp.ba\/?p=998"},"modified":"2013-02-05T17:17:10","modified_gmt":"2013-02-05T17:17:10","slug":"profesionalni-zastupnici-kod-predsjednika-ov-odzak","status":"publish","type":"post","link":"https:\/\/skupstinazp.ba\/new\/profesionalni-zastupnici-kod-predsjednika-ov-odzak\/","title":{"rendered":"PROFESIONALNI ZASTUPNICI KOD PREDSJEDNIKA OV OD\u017dAK"},"content":{"rendered":"<p><a href=\"http:\/\/skupstinazp.ba\/wp-content\/uploads\/2013\/02\/ANES-OSMANOVIC1.jpg\"><img loading=\"lazy\" decoding=\"async\" class=\"aligncenter size-medium wp-image-1001\" title=\"ANES-OSMANOVIC1\" src=\"http:\/\/skupstinazp.ba\/wp-content\/uploads\/2013\/02\/ANES-OSMANOVIC1-300x240.jpg\" alt=\"\" width=\"300\" height=\"240\" srcset=\"https:\/\/skupstinazp.ba\/new\/wp-content\/uploads\/2013\/02\/ANES-OSMANOVIC1-300x240.jpg 300w, https:\/\/skupstinazp.ba\/new\/wp-content\/uploads\/2013\/02\/ANES-OSMANOVIC1.jpg 720w\" sizes=\"auto, (max-width: 300px) 100vw, 300px\" \/><\/a>OD\u017dAK &#8211; Profesionalno anga\u017eirani zastupnici iz Od\u017eaka u skup\u0161tini \u017dupanije Posavske predvodeni dopredsjednikom skup\u0161tine Anesom Osmanovi\u0107em posjetili predsjedatelja op\u0107inskog vije\u0107a Od\u017eak Peru Radi\u0107a. <!--more Pro\u010ditaj vi\u0161e --> Razgovaralo se o unaprije\u0111enju suradnje skup\u0161tine i op\u0107inskog vije\u0107a. Zastupnike su najvise zanimali nagomilani komunalni problemi u op\u0107ini Od\u017eak posebno problem rasvjete i prevoza u\u010denika dok je predsjedatelj vije\u0107a iskazao zanimanje za funkcioniranje skup\u0161tine,njenih odbora i radnih tijela. Dopredsjednik skup\u0161tine Osmanovi\u0107 izrazio je zadovoljstvo ovakvim sastankom prvenstveno iz razloga \u0161to ove dvije razine zakonodavne vlasti imaju dosta dodirnih to\u010daka koje zahtijevaju me\u0111usobnu suradnju i koordinaciju. &#8220;Suradnja op\u0107inskog vije\u0107a Od\u017eaka ali i ostalih op\u0107ina na\u0161e \u017dupanije \u0107e se nastaviti te ce vrlo brzo biti organiziran jedan radni sastanak rukovodstva Skup\u0161tine i op\u0107inskih vije\u0107a Od\u017eak, Ora\u0161je i Domaljevac-\u0160amac, kako bi se \u0161to bolje uvezali te tako pomogli jedni drugima u \u0161to kvalitetnijem funkcioniranju zakonodavnih organa vlasti u na\u0161im op\u0107inama i \u017dupaniji&#8221;, istaknuo je dopredsjednik skup\u0161tine Anes Osmanovi\u0107.<\/p>\n","protected":false},"excerpt":{"rendered":"<p>OD\u017dAK &#8211; Profesionalno anga\u017eirani zastupnici iz Od\u017eaka u skup\u0161tini \u017dupanije Posavske predvodeni dopredsjednikom skup\u0161tine Anesom Osmanovi\u0107em posjetili predsjedatelja op\u0107inskog vije\u0107a Od\u017eak Peru Radi\u0107a.<\/p>\n","protected":false},"author":2,"featured_media":0,"comment_status":"closed","ping_status":"closed","sticky":false,"template":"","format":"standard","meta":{"footnotes":""},"categories":[2],"tags":[],"class_list":["post-998","post","type-post","status-publish","format-standard","hentry","category-novosti"],"_links":{"self":[{"href":"https:\/\/skupstinazp.ba\/new\/wp-json\/wp\/v2\/posts\/998","targetHints":{"allow":["GET"]}}],"collection":[{"href":"https:\/\/skupstinazp.ba\/new\/wp-json\/wp\/v2\/posts"}],"about":[{"href":"https:\/\/skupstinazp.ba\/new\/wp-json\/wp\/v2\/types\/post"}],"author":[{"embeddable":true,"href":"https:\/\/skupstinazp.ba\/new\/wp-json\/wp\/v2\/users\/2"}],"replies":[{"embeddable":true,"href":"https:\/\/skupstinazp.ba\/new\/wp-json\/wp\/v2\/comments?post=998"}],"version-history":[{"count":0,"href":"https:\/\/skupstinazp.ba\/new\/wp-json\/wp\/v2\/posts\/998\/revisions"}],"wp:attachment":[{"href":"https:\/\/skupstinazp.ba\/new\/wp-json\/wp\/v2\/media?parent=998"}],"wp:term":[{"taxonomy":"category","embeddable":true,"href":"https:\/\/skupstinazp.ba\/new\/wp-json\/wp\/v2\/categories?post=998"},{"taxonomy":"post_tag","embeddable":true,"href":"https:\/\/skupstinazp.ba\/new\/wp-json\/wp\/v2\/tags?post=998"}],"curies":[{"name":"wp","href":"https:\/\/api.w.org\/{rel}","templated":true}]}}